{"id":85742,"date":"2020-12-08T15:01:37","date_gmt":"2020-12-08T20:01:37","guid":{"rendered":"http:\/\/elcuartopoder.com.mx\/nw\/?p=85742"},"modified":"2020-12-08T15:01:39","modified_gmt":"2020-12-08T20:01:39","slug":"conoce-a-galia-borja-propuesta-por-amlo-como-subgobernadora-de-banxico","status":"publish","type":"post","link":"http:\/\/elcuartopoder.com.mx\/nw\/qtp\/conoce-a-galia-borja-propuesta-por-amlo-como-subgobernadora-de-banxico\/","title":{"rendered":"Conoce a Galia Borja, propuesta por AMLO como subgobernadora de Banxico"},"content":{"rendered":"\n<p>Ciudad de M\u00e9xico.- El Presidente Andr\u00e9s Manuel L\u00f3pez Obrador propuso a&nbsp;<strong>Galia Borja<\/strong>&nbsp;, actual Tesorera de la Federaci\u00f3n, como subgobernadora del Banco de M\u00e9xico y en su lugar quedar\u00e1 Elvira Concheiro.<\/p>\n\n\n\n<blockquote class=\"wp-block-quote is-layout-flow wp-block-quote-is-layout-flow\"><p>\u00abVoy a proponer el d\u00eda de hoy al Senado de la Rep\u00fablica dos nombramientos para subgobernadora del Banco de M\u00e9xico y miembro de la junta de gobierno del mismo banco. Estoy proponiendo a Galia Borja G\u00f3mez\u00bb<\/p><\/blockquote>\n\n\n\n<p>\u00abGalia Borja G\u00f3mez se encuentra actualmente en la Tesorera de la Federaci\u00f3n. Y a Galia Borja G\u00f3mez la va a sustituir como Tesorera de la Federaci\u00f3n\u00a0<strong>Elvira Concheiro<\/strong>\u00a0, va a ser la pr\u00f3xima Tesorera de la Federaci\u00f3n. Este nombramiento requiere la ratificaci\u00f3n de la C\u00e1mara de Diputados\u00bb , coment\u00f3.<\/p>\n\n\n\n<p>L\u00f3pez Obrador aclar\u00f3 que lo importante es que los servidores p\u00fablicos&nbsp;<strong>sean incorruptibles<\/strong>&nbsp;, m\u00e1s que hayan cursado alg\u00fan doctorado en el extranjero, pues eso -expres\u00f3- es \u00abaccesorio\u00bb.<\/p>\n\n\n\n<blockquote class=\"wp-block-quote is-layout-flow wp-block-quote-is-layout-flow\"><p>\u00abS\u00ed vamos a que se cuide mucho el que sean personas honestas, hombres o mujeres, porque no es nada m\u00e1s el conocimiento, no es nada m\u00e1s el que se hayan doctorado en una universidad del extranjero, es tambi\u00e9n los principios, los ideales, la honestidad \u201d<\/p><\/blockquote>\n\n\n\n<p>\u00abEs que el problema de M\u00e9xico, el principal problema de M\u00e9xico,&nbsp;<strong>es la corrupci\u00f3n<\/strong>&nbsp;. Que los servidores p\u00fablicos sean incorruptibles: esa es la gran transformaci\u00f3n, eso es lo m\u00e1s importante de todo. Lo dem\u00e1s es accesorio, es complementario, pero si se destierra la corrupci\u00f3n en el Pa\u00eds se lleva una gran transformaci\u00f3n y ese es el objetivo que perseguimos \u00ab, agreg\u00f3.<\/p>\n\n\n\n<p>Galia Borja cuenta con&nbsp;<strong>maestr\u00eda en Econom\u00eda y Pol\u00edtica P\u00fablica del Tecnol\u00f3gico de Monterrey;&nbsp;<\/strong>adem\u00e1s, es licenciada en Matem\u00e1ticas por la Universidad Nacional Aut\u00f3noma de M\u00e9xico (UNAM).&nbsp;Adem\u00e1s es maestra en Matem\u00e1ticas Aplicadas por la Universidad Estatal de Nueva York.<\/p>\n\n\n\n<p>En 2008 ingres\u00f3 a la Tesorer\u00eda de la Federaci\u00f3n donde ocup\u00f3 el cargo de direcci\u00f3n general adjunta de Ingresos en la Tesorer\u00eda de la Federaci\u00f3n.&nbsp;De 2001 a 2007 fue responsable de diversas \u00e1reas en la Secretar\u00eda de Finanzas del entonces&nbsp;<strong>Gobierno del Distrito Federal<\/strong>&nbsp;.<\/p>\n\n\n\n<h2 class=\"wp-block-heading\">Los cambios en el gabinete de AMLO<\/h2>\n\n\n\n<p>El mandatario federal dio a conocer hoy los nuevos cambios en el gabinete federal, en donde destac\u00f3 el de\u00a0<strong>Tatiana Clouthier,<\/strong>\u00a0quien sustituir\u00e1 a\u00a0<strong>Graciela M\u00e1rquez Col\u00edn<\/strong>\u00a0en la Secretar\u00eda de Econom\u00eda.<\/p>\n\n\n\n<p>Por su parte M\u00e1rquez Col\u00edn ser\u00e1 parte de la Junta de Gobierno del Instituto Nacional de Estad\u00edstica y Geograf\u00eda&nbsp;<strong>(Inegi)<\/strong>&nbsp;y esto, de acuerdo con el presidente, podr\u00e1 tener una mejor vinculaci\u00f3n de dicho Instituto con el Gobierno Federal.<\/p>\n\n\n\n<p>Adem\u00e1s\u00a0<strong>Ana Laura L\u00f3pez Bautista<\/strong>\u00a0ser\u00e1 la coordinadora General de Puertos y Marina quien sustituye a Rosa Icela Rodr\u00edguez quien ser\u00e1 la secretaria de Seguridad P\u00fablica del Gobierno Federal.<\/p>\n\n\n\n<p>Durante su conferencia de esta ma\u00f1ana, el jefe del Ejecutivo federal dijo que todos este cambios deber\u00e1n ser ratificados por la <strong>C\u00e1mara de Diputados<\/strong>\u00a0. <\/p>\n\n\n\n<p><strong>Fuente: <\/strong>SIPSE<\/p>\n","protected":false},"excerpt":{"rendered":"<p>Ciudad de M\u00e9xico.- El Presidente Andr\u00e9s Manuel L\u00f3pez Obrador propuso a&nbsp;Galia Borja&nbsp;, actual Tesorera de la Federaci\u00f3n, como subgobernadora del Banco de M\u00e9xico y en su lugar quedar\u00e1 Elvira Concheiro. \u00abVoy a proponer el d\u00eda de hoy al Senado de la Rep\u00fablica dos nombramientos para subgobernadora del Banco de M\u00e9xico y miembro de la junta [&hellip;]<\/p>\n","protected":false},"author":2,"featured_media":85743,"comment_status":"open","ping_status":"open","sticky":false,"template":"","format":"standard","meta":{"footnotes":""},"categories":[58],"tags":[],"class_list":["post-85742","post","type-post","status-publish","format-standard","has-post-thumbnail","hentry","category-qtp"],"_links":{"self":[{"href":"http:\/\/elcuartopoder.com.mx\/nw\/wp-json\/wp\/v2\/posts\/85742","targetHints":{"allow":["GET"]}}],"collection":[{"href":"http:\/\/elcuartopoder.com.mx\/nw\/wp-json\/wp\/v2\/posts"}],"about":[{"href":"http:\/\/elcuartopoder.com.mx\/nw\/wp-json\/wp\/v2\/types\/post"}],"author":[{"embeddable":true,"href":"http:\/\/elcuartopoder.com.mx\/nw\/wp-json\/wp\/v2\/users\/2"}],"replies":[{"embeddable":true,"href":"http:\/\/elcuartopoder.com.mx\/nw\/wp-json\/wp\/v2\/comments?post=85742"}],"version-history":[{"count":1,"href":"http:\/\/elcuartopoder.com.mx\/nw\/wp-json\/wp\/v2\/posts\/85742\/revisions"}],"predecessor-version":[{"id":85744,"href":"http:\/\/elcuartopoder.com.mx\/nw\/wp-json\/wp\/v2\/posts\/85742\/revisions\/85744"}],"wp:featuredmedia":[{"embeddable":true,"href":"http:\/\/elcuartopoder.com.mx\/nw\/wp-json\/wp\/v2\/media\/85743"}],"wp:attachment":[{"href":"http:\/\/elcuartopoder.com.mx\/nw\/wp-json\/wp\/v2\/media?parent=85742"}],"wp:term":[{"taxonomy":"category","embeddable":true,"href":"http:\/\/elcuartopoder.com.mx\/nw\/wp-json\/wp\/v2\/categories?post=85742"},{"taxonomy":"post_tag","embeddable":true,"href":"http:\/\/elcuartopoder.com.mx\/nw\/wp-json\/wp\/v2\/tags?post=85742"}],"curies":[{"name":"wp","href":"https:\/\/api.w.org\/{rel}","templated":true}]}}