{"id":85817,"date":"2020-12-11T19:14:43","date_gmt":"2020-12-12T00:14:43","guid":{"rendered":"http:\/\/elcuartopoder.com.mx\/nw\/?p=85817"},"modified":"2020-12-11T19:17:38","modified_gmt":"2020-12-12T00:17:38","slug":"no-tenemos-buenas-noticias-previo-a-la-actualizacion-del-semaforo-epidemiologico-reconoce-gobernador-que-qr-cada-vez-se-aleja-mas-del-color-verde","status":"publish","type":"post","link":"http:\/\/elcuartopoder.com.mx\/nw\/estatales\/no-tenemos-buenas-noticias-previo-a-la-actualizacion-del-semaforo-epidemiologico-reconoce-gobernador-que-qr-cada-vez-se-aleja-mas-del-color-verde\/","title":{"rendered":"\u201cNO TENEMOS BUENAS NOTICIAS\u201d: Previo a la actualizaci\u00f3n del Sem\u00e1foro Epidemiol\u00f3gico, reconoce Gobernador que QR cada vez se aleja m\u00e1s del color verde"},"content":{"rendered":"\n<p><strong>CANC\u00daN.-&nbsp;<\/strong>El gobernador Carlos Joaqu\u00edn reconoci\u00f3 qu\u00e9 Quintana Roo cada vez m\u00e1s se aleja del color verde en el Sem\u00e1foro Epidemiol\u00f3gico que esta noche ser\u00e1 actualizado, al adelantar que, \u201cno se tienen buenas noticias\u201d en este momento ante el incremento de casos positivos de COVID-19, adem\u00e1s de que acept\u00f3 que no hay fecha cierta para el regreso presencial de clases en las escuelas por todo este escenario.<\/p>\n\n\n\n<p>Dijo que a ra\u00edz del relajamiento que se ha dado en la poblaci\u00f3n se tiene un incremento de casos y reiter\u00f3 el exhorto para atender los h\u00e1bitos que permitan disminuir el riesgo de contagios.<\/p>\n\n\n\n<p>Adem\u00e1s, advirti\u00f3 que viene un mes muy dif\u00edcil en materia de coronavirus por las fiestas de la virgen de Guadalupe, Navidad y fin de a\u00f1o.<\/p>\n\n\n\n<p>Cuestionado sobre la posibilidad de que los estados en color verde y amarillo puedan implementar clases presenciales a partir de enero, explic\u00f3 que depender\u00e1 mucho del sem\u00e1foro epidemiol\u00f3gico.<\/p>\n\n\n\n<p>\u201cEn este momento no estamos ni cerca del color verde, por el contrario tenemos un alejamiento del color verde, yo no podr\u00eda decir en qu\u00e9 momento iniciar\u00e1n las clases, en este momento es muy dif\u00edcil poder definir una fecha, viene una etapa de vacunaci\u00f3n con respecto al coronavirus que seguramente ayudar\u00e1 ,todav\u00eda estamos en una fase de ver qu\u00e9 es lo que va a ocurrir\u201d, se\u00f1al\u00f3.<\/p>\n\n\n\n<p>Insisti\u00f3 en que hay que trabajar muy fuerte en los cuidados de la salud, en la prevenci\u00f3n, \u201cque nos aleja del color verde en materia de regreso a clases\u201d.<\/p>\n\n\n\n<p>Finalmente, se\u00f1al\u00f3 que llegado el momento para el retorno a clases, se har\u00e1 un an\u00e1lisis en torno a la organizaci\u00f3n que se tendr\u00e1 hacer para el uso de las instalaciones, atendiendo todos los protocolos de prevenci\u00f3n.\u00a0<\/p>\n\n\n\n<figure class=\"wp-block-video\"><video controls src=\"http:\/\/elcuartopoder.com.mx\/nw\/wp-content\/uploads\/2020\/12\/fTbAI2fqTNVYimK7-2.mp4\"><\/video><\/figure>\n\n\n\n<p><strong>Fuente:<\/strong>&nbsp;Noticaribe<br><br><\/p>\n","protected":false},"excerpt":{"rendered":"<p>CANC\u00daN.-&nbsp;El gobernador Carlos Joaqu\u00edn reconoci\u00f3 qu\u00e9 Quintana Roo cada vez m\u00e1s se aleja del color verde en el Sem\u00e1foro Epidemiol\u00f3gico que esta noche ser\u00e1 actualizado, al adelantar que, \u201cno se tienen buenas noticias\u201d en este momento ante el incremento de casos positivos de COVID-19, adem\u00e1s de que acept\u00f3 que no hay fecha cierta para el [&hellip;]<\/p>\n","protected":false},"author":2,"featured_media":85820,"comment_status":"open","ping_status":"open","sticky":false,"template":"","format":"standard","meta":{"footnotes":""},"categories":[60],"tags":[],"class_list":["post-85817","post","type-post","status-publish","format-standard","has-post-thumbnail","hentry","category-estatales"],"_links":{"self":[{"href":"http:\/\/elcuartopoder.com.mx\/nw\/wp-json\/wp\/v2\/posts\/85817","targetHints":{"allow":["GET"]}}],"collection":[{"href":"http:\/\/elcuartopoder.com.mx\/nw\/wp-json\/wp\/v2\/posts"}],"about":[{"href":"http:\/\/elcuartopoder.com.mx\/nw\/wp-json\/wp\/v2\/types\/post"}],"author":[{"embeddable":true,"href":"http:\/\/elcuartopoder.com.mx\/nw\/wp-json\/wp\/v2\/users\/2"}],"replies":[{"embeddable":true,"href":"http:\/\/elcuartopoder.com.mx\/nw\/wp-json\/wp\/v2\/comments?post=85817"}],"version-history":[{"count":2,"href":"http:\/\/elcuartopoder.com.mx\/nw\/wp-json\/wp\/v2\/posts\/85817\/revisions"}],"predecessor-version":[{"id":85823,"href":"http:\/\/elcuartopoder.com.mx\/nw\/wp-json\/wp\/v2\/posts\/85817\/revisions\/85823"}],"wp:featuredmedia":[{"embeddable":true,"href":"http:\/\/elcuartopoder.com.mx\/nw\/wp-json\/wp\/v2\/media\/85820"}],"wp:attachment":[{"href":"http:\/\/elcuartopoder.com.mx\/nw\/wp-json\/wp\/v2\/media?parent=85817"}],"wp:term":[{"taxonomy":"category","embeddable":true,"href":"http:\/\/elcuartopoder.com.mx\/nw\/wp-json\/wp\/v2\/categories?post=85817"},{"taxonomy":"post_tag","embeddable":true,"href":"http:\/\/elcuartopoder.com.mx\/nw\/wp-json\/wp\/v2\/tags?post=85817"}],"curies":[{"name":"wp","href":"https:\/\/api.w.org\/{rel}","templated":true}]}}