{"id":85824,"date":"2020-12-11T19:21:02","date_gmt":"2020-12-12T00:21:02","guid":{"rendered":"http:\/\/elcuartopoder.com.mx\/nw\/?p=85824"},"modified":"2020-12-11T19:21:03","modified_gmt":"2020-12-12T00:21:03","slug":"ayuntamiento-de-othon-p-blanco-pondra-en-marcha-policia-turistica","status":"publish","type":"post","link":"http:\/\/elcuartopoder.com.mx\/nw\/municipales\/ayuntamiento-de-othon-p-blanco-pondra-en-marcha-policia-turistica\/","title":{"rendered":"Ayuntamiento de Oth\u00f3n P. Blanco pondr\u00e1 en marcha Polic\u00eda Tur\u00edstica"},"content":{"rendered":"\n<p><strong>Antes de finalizar el 2020 entrar\u00e1 en operaci\u00f3n la Polic\u00eda Tur\u00edstica<\/strong>&nbsp;en el municipio de Oth\u00f3n P. Blanco, que estar\u00e1 conformada por cadetes de la Academia de Polic\u00eda municipal y elementos en formaci\u00f3n de Polic\u00eda Tur\u00edstica.<\/p>\n\n\n\n<p>Osiris de Jes\u00fas Ceballos D\u00edaz, director general de Seguridad P\u00fablica y Tr\u00e1nsito del\u00a0Ayuntamiento de Oth\u00f3n P. Blanco, inform\u00f3 que la Polic\u00eda Tur\u00edstica estar\u00e1 conformada por 33 elementos, 14 mujeres y 19 hombres.<\/p>\n\n\n\n<p>Se\u00f1al\u00f3 que los elementos son capacitados por personal de la dependencia a su cargo y de la Direcci\u00f3n de Desarrollo Tur\u00edstico municipal,&nbsp;<strong>quienes brindan los conocimientos, estrategias y protocolos a seguir<\/strong>, como herramientas en su funci\u00f3n.<\/p>\n\n\n\n<p>Se\u00f1al\u00f3 que derivado a la incidencia delictiva en la zona centro de la capital del estado y el repunte de faltas administrativas en zonas tur\u00edstica de la capital, es de vital importancia reactivar el turismo e imagen, en percepci\u00f3n de seguridad con un trato amable de la polic\u00eda, siendo esto un acercamiento al turismo, nacional y extranjero.<\/p>\n\n\n\n<p>Entre&nbsp;<strong>los lugares donde se increment\u00f3 la incidencia delictiva en las \u00faltimas fechas<\/strong>&nbsp;est\u00e1n el bulevar, mercados, avenidas emblem\u00e1ticas, zona de hoteles y \u00e1reas de esparcimiento y atractivos como la fuente del Pescador, Explanada y parque Renacimiento, entre otros.<\/p>\n\n\n\n<p>Expres\u00f3 que la Polic\u00eda Tur\u00edstica contar\u00e1 con cuatro unidades balizadas, 10 bicicletas balizadas y equipadas, cascos, tres m\u00f3dulos de atenci\u00f3n, uniformes para identificarlos como elementos de la Polic\u00eda Tur\u00edstica y equipamiento personal.<\/p>\n\n\n\n<p>Ceballos D\u00edaz agreg\u00f3 que&nbsp;<strong>la meta establecida es contar con un cuerpo de elementos profesionales<\/strong>&nbsp;y con el compromiso de reforzar el car\u00e1cter tur\u00edstico en Oth\u00f3n P. Blanco, as\u00ed como trabajar de la mano con el sector empresarial de la capital del estado.<\/p>\n\n\n\n<p>\u201cEl objetivo es garantizar la seguridad, tanto de nuestros visitantes durante todas las temporadas vacacionales, as\u00ed como a nuestros habitantes, quienes diariamente acuden a esos sitios emblem\u00e1ticos de nuestra ciudad\u201d, finaliz\u00f3 el entrevistado.<\/p>\n\n\n\n<p><strong>Fuente: <\/strong>SIPSE<\/p>\n","protected":false},"excerpt":{"rendered":"<p>Antes de finalizar el 2020 entrar\u00e1 en operaci\u00f3n la Polic\u00eda Tur\u00edstica&nbsp;en el municipio de Oth\u00f3n P. Blanco, que estar\u00e1 conformada por cadetes de la Academia de Polic\u00eda municipal y elementos en formaci\u00f3n de Polic\u00eda Tur\u00edstica. Osiris de Jes\u00fas Ceballos D\u00edaz, director general de Seguridad P\u00fablica y Tr\u00e1nsito del\u00a0Ayuntamiento de Oth\u00f3n P. Blanco, inform\u00f3 que la [&hellip;]<\/p>\n","protected":false},"author":2,"featured_media":85825,"comment_status":"open","ping_status":"open","sticky":false,"template":"","format":"standard","meta":{"footnotes":""},"categories":[6],"tags":[],"class_list":["post-85824","post","type-post","status-publish","format-standard","has-post-thumbnail","hentry","category-municipales"],"_links":{"self":[{"href":"http:\/\/elcuartopoder.com.mx\/nw\/wp-json\/wp\/v2\/posts\/85824","targetHints":{"allow":["GET"]}}],"collection":[{"href":"http:\/\/elcuartopoder.com.mx\/nw\/wp-json\/wp\/v2\/posts"}],"about":[{"href":"http:\/\/elcuartopoder.com.mx\/nw\/wp-json\/wp\/v2\/types\/post"}],"author":[{"embeddable":true,"href":"http:\/\/elcuartopoder.com.mx\/nw\/wp-json\/wp\/v2\/users\/2"}],"replies":[{"embeddable":true,"href":"http:\/\/elcuartopoder.com.mx\/nw\/wp-json\/wp\/v2\/comments?post=85824"}],"version-history":[{"count":1,"href":"http:\/\/elcuartopoder.com.mx\/nw\/wp-json\/wp\/v2\/posts\/85824\/revisions"}],"predecessor-version":[{"id":85826,"href":"http:\/\/elcuartopoder.com.mx\/nw\/wp-json\/wp\/v2\/posts\/85824\/revisions\/85826"}],"wp:featuredmedia":[{"embeddable":true,"href":"http:\/\/elcuartopoder.com.mx\/nw\/wp-json\/wp\/v2\/media\/85825"}],"wp:attachment":[{"href":"http:\/\/elcuartopoder.com.mx\/nw\/wp-json\/wp\/v2\/media?parent=85824"}],"wp:term":[{"taxonomy":"category","embeddable":true,"href":"http:\/\/elcuartopoder.com.mx\/nw\/wp-json\/wp\/v2\/categories?post=85824"},{"taxonomy":"post_tag","embeddable":true,"href":"http:\/\/elcuartopoder.com.mx\/nw\/wp-json\/wp\/v2\/tags?post=85824"}],"curies":[{"name":"wp","href":"https:\/\/api.w.org\/{rel}","templated":true}]}}