{"id":85827,"date":"2020-12-11T21:30:31","date_gmt":"2020-12-12T02:30:31","guid":{"rendered":"http:\/\/elcuartopoder.com.mx\/nw\/?p=85827"},"modified":"2020-12-11T21:30:32","modified_gmt":"2020-12-12T02:30:32","slug":"eligen-a-blanca-ibarra-como-nueva-presidenta-del-inai-para-el-periodo-2020-2023","status":"publish","type":"post","link":"http:\/\/elcuartopoder.com.mx\/nw\/politica\/eligen-a-blanca-ibarra-como-nueva-presidenta-del-inai-para-el-periodo-2020-2023\/","title":{"rendered":"Eligen a Blanca Ibarra como nueva presidenta del Inai para el periodo 2020-2023"},"content":{"rendered":"\n<p>El Instituto Nacional de Transparencia, Acceso a la Informaci\u00f3n y Protecci\u00f3n de Datos Personales (INAI) eligi\u00f3 este martes con siete votos a Blanca Lilia Ibarra Cadena como nueva comisionada presidenta para el periodo 2020-2023 en sucesi\u00f3n de Francisco Javier Acu\u00f1a Llamas.&nbsp;<\/p>\n\n\n\n<p>El instituto vivi\u00f3 la tercera elecci\u00f3n de su presidencia es un proceso que gener\u00f3 una disputa abierta entre Blanca Lilia Ibarra Cadena y \u00d3scar Guerra Ford, quien declin\u00f3 a la presidencia bajo el argumento de la paridad de g\u00e9nero y que su per\u00edodo como presidente no podr\u00eda ser concluido, pues est\u00e1 previsto para tres a\u00f1os y \u00e9l se va en 2022.<\/p>\n\n\n\n<p>La comisionada presidenta afirm\u00f3 que el papel del INAI es crucial para avanzar en la transici\u00f3n a la democracia y garantizar los derechos que le tocan al Instituto, luego de tomar protesta del cargo.<\/p>\n\n\n\n<p><strong>Fuente:<\/strong> XEU<\/p>\n","protected":false},"excerpt":{"rendered":"<p>El Instituto Nacional de Transparencia, Acceso a la Informaci\u00f3n y Protecci\u00f3n de Datos Personales (INAI) eligi\u00f3 este martes con siete votos a Blanca Lilia Ibarra Cadena como nueva comisionada presidenta para el periodo 2020-2023 en sucesi\u00f3n de Francisco Javier Acu\u00f1a Llamas.&nbsp; El instituto vivi\u00f3 la tercera elecci\u00f3n de su presidencia es un proceso que gener\u00f3 [&hellip;]<\/p>\n","protected":false},"author":2,"featured_media":85828,"comment_status":"open","ping_status":"open","sticky":false,"template":"","format":"standard","meta":{"footnotes":""},"categories":[61],"tags":[],"class_list":["post-85827","post","type-post","status-publish","format-standard","has-post-thumbnail","hentry","category-politica"],"_links":{"self":[{"href":"http:\/\/elcuartopoder.com.mx\/nw\/wp-json\/wp\/v2\/posts\/85827","targetHints":{"allow":["GET"]}}],"collection":[{"href":"http:\/\/elcuartopoder.com.mx\/nw\/wp-json\/wp\/v2\/posts"}],"about":[{"href":"http:\/\/elcuartopoder.com.mx\/nw\/wp-json\/wp\/v2\/types\/post"}],"author":[{"embeddable":true,"href":"http:\/\/elcuartopoder.com.mx\/nw\/wp-json\/wp\/v2\/users\/2"}],"replies":[{"embeddable":true,"href":"http:\/\/elcuartopoder.com.mx\/nw\/wp-json\/wp\/v2\/comments?post=85827"}],"version-history":[{"count":1,"href":"http:\/\/elcuartopoder.com.mx\/nw\/wp-json\/wp\/v2\/posts\/85827\/revisions"}],"predecessor-version":[{"id":85829,"href":"http:\/\/elcuartopoder.com.mx\/nw\/wp-json\/wp\/v2\/posts\/85827\/revisions\/85829"}],"wp:featuredmedia":[{"embeddable":true,"href":"http:\/\/elcuartopoder.com.mx\/nw\/wp-json\/wp\/v2\/media\/85828"}],"wp:attachment":[{"href":"http:\/\/elcuartopoder.com.mx\/nw\/wp-json\/wp\/v2\/media?parent=85827"}],"wp:term":[{"taxonomy":"category","embeddable":true,"href":"http:\/\/elcuartopoder.com.mx\/nw\/wp-json\/wp\/v2\/categories?post=85827"},{"taxonomy":"post_tag","embeddable":true,"href":"http:\/\/elcuartopoder.com.mx\/nw\/wp-json\/wp\/v2\/tags?post=85827"}],"curies":[{"name":"wp","href":"https:\/\/api.w.org\/{rel}","templated":true}]}}