{"id":85846,"date":"2020-12-12T13:48:00","date_gmt":"2020-12-12T18:48:00","guid":{"rendered":"http:\/\/elcuartopoder.com.mx\/nw\/?p=85846"},"modified":"2020-12-12T13:48:02","modified_gmt":"2020-12-12T18:48:02","slug":"asi-suena-la-nueva-cancion-de-paul-mccartney-que-ha-aparecido-en-las-paredes-de-ciudad-de-mexico","status":"publish","type":"post","link":"http:\/\/elcuartopoder.com.mx\/nw\/destacadas\/asi-suena-la-nueva-cancion-de-paul-mccartney-que-ha-aparecido-en-las-paredes-de-ciudad-de-mexico\/","title":{"rendered":"As\u00ed suena la nueva canci\u00f3n de Paul McCartney que ha aparecido en las paredes de Ciudad de M\u00e9xico"},"content":{"rendered":"\n<p>Paul McCartney\u00a0no ten\u00eda pensado publicar ning\u00fan disco en 2020 pero lleg\u00f3 la pandemia o el \u00ab<em>Rockdown<\/em>\u00bb en sus propias palabras y decidi\u00f3 aprovechar el confinamiento para componer y terminar algunas canciones a medias. De esos bocetos musicales que surgieron durante el aislamiento naci\u00f3 su \u00faltimo \u00e1lbum,\u00a0<em>McCartney III,<\/em>\u00a0que saldr\u00e1 a la venta el pr\u00f3ximo 18 de diciembre con Capitol Records en plataformas digitales, CD y LP. \u00abEscrito, interpretado y producido por Paul McCartney\u00bb, se\u00f1ala la promoci\u00f3n del \u00e1lbum. En 2020 tambi\u00e9n se cumplen 50 a\u00f1os desde el lanzamiento de su primer disco en solitario.<\/p>\n\n\n\n<p>La campa\u00f1a de publicidad que acompa\u00f1a al nuevo trabajo no ha dejado indiferentes a sus seguidores en todo el mundo. Las calles de doce ciudades -entre ellas, Ciudad de M\u00e9xico, Toronto, S\u00eddney y Los Angeles- han sido las elegidas para mostrar fragmentos del nuevo disco. As\u00ed compart\u00eda el m\u00fasico el mural a gran escala con la partitura en sus redes sociales:<\/p>\n\n\n\n<figure class=\"wp-block-embed-twitter wp-block-embed is-type-rich is-provider-twitter\"><div class=\"wp-block-embed__wrapper\">\n<blockquote class=\"twitter-tweet\" data-width=\"550\" data-dnt=\"true\"><p lang=\"und\" dir=\"ltr\">\ud83c\udfb2 3\ufe0f\u20e3 \ud83c\udfb2<a href=\"https:\/\/twitter.com\/hashtag\/12DaysOfPaul?src=hash&amp;ref_src=twsrc%5Etfw\">#12DaysOfPaul<\/a> <a href=\"https:\/\/t.co\/2kpJ7Bem82\">https:\/\/t.co\/2kpJ7Bem82<\/a><a href=\"https:\/\/twitter.com\/amazonmusic?ref_src=twsrc%5Etfw\">@AmazonMusic<\/a> <a href=\"https:\/\/twitter.com\/AmazonMusicMX?ref_src=twsrc%5Etfw\">@AmazonMusicMX<\/a> <a href=\"https:\/\/t.co\/OKRDVLp3BV\">pic.twitter.com\/OKRDVLp3BV<\/a><\/p>&mdash; Paul McCartney (@PaulMcCartney) <a href=\"https:\/\/twitter.com\/PaulMcCartney\/status\/1335630081666912257?ref_src=twsrc%5Etfw\">December 6, 2020<\/a><\/blockquote><script async src=\"https:\/\/platform.twitter.com\/widgets.js\" charset=\"utf-8\"><\/script>\n<\/div><\/figure>\n\n\n\n<p>En pleno coraz\u00f3n de la Zona Rosa, en un estacionamiento entre las calles Niza y Londres, apareci\u00f3 la partitura de su nueva canci\u00f3n\u00a0<em>Pretty Boys<\/em>\u00a0(Chicos guapos). En\u00a0<em>Verne<\/em>\u00a0hemos podido comprobar c\u00f3mo suena este tema gracias a la ayuda de nuestro compa\u00f1ero de EL PA\u00cdS, Francesco Manetto, quien la interpreta al piano.<\/p>\n\n\n\n<p>Creado a principios de este a\u00f1o en Sussex (Reino Unido), <em>McCartney III<\/em>\u00a0fue grabado a partir de la voz del cantante y tomas en vivo de \u00e9l mismo tocando piano, bater\u00eda y guitarra. \u00abCada d\u00eda comenzaba a grabar con el instrumento en el que escrib\u00ed la canci\u00f3n y luego gradualmente lo superpon\u00eda, era muy divertido. Se trataba de hacer m\u00fasica para ti mismo en lugar de hacer m\u00fasica que tiene que funcionar. Entonces hice cosas que me apetec\u00eda hacer. No ten\u00eda idea de que esto terminar\u00eda como un \u00e1lbum\u00bb, ha explicado McCartney a trav\u00e9s de un comunicado en su p\u00e1gina web. <\/p>\n","protected":false},"excerpt":{"rendered":"<p>Paul McCartney\u00a0no ten\u00eda pensado publicar ning\u00fan disco en 2020 pero lleg\u00f3 la pandemia o el \u00abRockdown\u00bb en sus propias palabras y decidi\u00f3 aprovechar el confinamiento para componer y terminar algunas canciones a medias. De esos bocetos musicales que surgieron durante el aislamiento naci\u00f3 su \u00faltimo \u00e1lbum,\u00a0McCartney III,\u00a0que saldr\u00e1 a la venta el pr\u00f3ximo 18 de [&hellip;]<\/p>\n","protected":false},"author":2,"featured_media":85847,"comment_status":"open","ping_status":"open","sticky":false,"template":"","format":"standard","meta":{"footnotes":""},"categories":[59],"tags":[],"class_list":["post-85846","post","type-post","status-publish","format-standard","has-post-thumbnail","hentry","category-destacadas"],"_links":{"self":[{"href":"http:\/\/elcuartopoder.com.mx\/nw\/wp-json\/wp\/v2\/posts\/85846","targetHints":{"allow":["GET"]}}],"collection":[{"href":"http:\/\/elcuartopoder.com.mx\/nw\/wp-json\/wp\/v2\/posts"}],"about":[{"href":"http:\/\/elcuartopoder.com.mx\/nw\/wp-json\/wp\/v2\/types\/post"}],"author":[{"embeddable":true,"href":"http:\/\/elcuartopoder.com.mx\/nw\/wp-json\/wp\/v2\/users\/2"}],"replies":[{"embeddable":true,"href":"http:\/\/elcuartopoder.com.mx\/nw\/wp-json\/wp\/v2\/comments?post=85846"}],"version-history":[{"count":1,"href":"http:\/\/elcuartopoder.com.mx\/nw\/wp-json\/wp\/v2\/posts\/85846\/revisions"}],"predecessor-version":[{"id":85848,"href":"http:\/\/elcuartopoder.com.mx\/nw\/wp-json\/wp\/v2\/posts\/85846\/revisions\/85848"}],"wp:featuredmedia":[{"embeddable":true,"href":"http:\/\/elcuartopoder.com.mx\/nw\/wp-json\/wp\/v2\/media\/85847"}],"wp:attachment":[{"href":"http:\/\/elcuartopoder.com.mx\/nw\/wp-json\/wp\/v2\/media?parent=85846"}],"wp:term":[{"taxonomy":"category","embeddable":true,"href":"http:\/\/elcuartopoder.com.mx\/nw\/wp-json\/wp\/v2\/categories?post=85846"},{"taxonomy":"post_tag","embeddable":true,"href":"http:\/\/elcuartopoder.com.mx\/nw\/wp-json\/wp\/v2\/tags?post=85846"}],"curies":[{"name":"wp","href":"https:\/\/api.w.org\/{rel}","templated":true}]}}