{"id":85872,"date":"2020-12-13T11:00:41","date_gmt":"2020-12-13T16:00:41","guid":{"rendered":"http:\/\/elcuartopoder.com.mx\/nw\/?p=85872"},"modified":"2020-12-13T11:00:43","modified_gmt":"2020-12-13T16:00:43","slug":"pancarta-en-homenaje-a-raul-jimenez-es-exhibida-durante-el-partido-entre-wolves-y-aston-villa","status":"publish","type":"post","link":"http:\/\/elcuartopoder.com.mx\/nw\/entretenimiento\/deportes\/pancarta-en-homenaje-a-raul-jimenez-es-exhibida-durante-el-partido-entre-wolves-y-aston-villa\/","title":{"rendered":"Pancarta en homenaje a Ra\u00fal Jim\u00e9nez es exhibida durante el partido entre Wolves y Aston Villa"},"content":{"rendered":"\n<p>Los aficionados del&nbsp;<strong>Wolverhampton<\/strong>&nbsp;recaudaron fondos para exhibir una&nbsp;<strong>pancarta<\/strong>&nbsp;en<strong>&nbsp;homenaje al mexicano Ra\u00fal Jim\u00e9nez<\/strong>&nbsp;en el&nbsp;<strong>Molineux Stadium<\/strong>&nbsp;durante el partido entre el Wolves y el Aston Villa de este s\u00e1bado.<\/p>\n\n\n\n<p>A trav\u00e9s de una campa\u00f1a de micromecenazgo, los aficionados de todo el mundo se unieron para honrar a Jim\u00e9nez, que sufri\u00f3 una fractura de cr\u00e1neo hace menos de dos semanas en un choque cabeza con cabeza con David Luiz.<\/p>\n\n\n\n<p>La pancarta, que ocupa una de las tribunas del campo del Wolves, muestra el lema \u201cFuerza, Ra\u00fal\u201d y adem\u00e1s de una imagen del futbolista contiene el escudo del Wolves y la bandera mexicana.<\/p>\n\n\n\n<blockquote class=\"wp-block-quote is-layout-flow wp-block-quote-is-layout-flow\"><p>\u201c\u00a1Asombroso! Estoy muy agradecido con todos las personas que han estado apoy\u00e1ndome a lo largo de este proceso. A mis fans, a mis compa\u00f1eros de equipo, a todos los que han mandado su cari\u00f1o, significa mucho para mi familia y para m\u00ed \u00a1Muchas gracias!\u201d, dijo el delantero de 29 a\u00f1os en redes sociales.<\/p><\/blockquote>\n\n\n\n<p>Esta semana, Jim\u00e9nez se dej\u00f3 ver por primera vez tras el incidente y fue fotografiado en el campo de entrenamiento del Wolves, donde visit\u00f3 a sus compa\u00f1eros.<\/p>\n\n\n\n<figure class=\"wp-block-embed-twitter wp-block-embed is-type-rich is-provider-twitter\"><div class=\"wp-block-embed__wrapper\">\n<blockquote class=\"twitter-tweet\" data-width=\"550\" data-dnt=\"true\"><p lang=\"es\" dir=\"ltr\">\u00a1Asombroso! Estoy muy agradecido con todos las personas que han estado apoy\u00e1ndome a lo largo de este proceso. A mis fans, a mis compa\u00f1eros de equipo, a todos los que han mandado su cari\u00f1o, significa mucho para mi familia y para mi \u00a1Muchas gracias! <a href=\"https:\/\/t.co\/junUTZsshZ\">pic.twitter.com\/junUTZsshZ<\/a><\/p>&mdash; Ra\u00fal Jim\u00e9nez (@Raul_Jimenez9) <a href=\"https:\/\/twitter.com\/Raul_Jimenez9\/status\/1337522311986081792?ref_src=twsrc%5Etfw\">December 11, 2020<\/a><\/blockquote><script async src=\"https:\/\/platform.twitter.com\/widgets.js\" charset=\"utf-8\"><\/script>\n<\/div><\/figure>\n\n\n\n<p>Su entrenador, Nuno Espirito Santo, afirm\u00f3 en rueda de prensa que esto ha servido de \u201cest\u00edmulo\u201d a sus compa\u00f1eros y que les ha levantado el \u00e1nimo.<\/p>\n\n\n\n<p>Jim\u00e9nez abandon\u00f3 la semana pasada el hospital de Londres donde fue operado de esa lesi\u00f3n y se encuentra ya en su domicilio, comenzando la rehabilitaci\u00f3n junto a su pareja Daniela y su hija.<\/p>\n\n\n\n<p><strong>Fuente:<\/strong>&nbsp;sinembargo<br><\/p>\n","protected":false},"excerpt":{"rendered":"<p>Los aficionados del&nbsp;Wolverhampton&nbsp;recaudaron fondos para exhibir una&nbsp;pancarta&nbsp;en&nbsp;homenaje al mexicano Ra\u00fal Jim\u00e9nez&nbsp;en el&nbsp;Molineux Stadium&nbsp;durante el partido entre el Wolves y el Aston Villa de este s\u00e1bado. A trav\u00e9s de una campa\u00f1a de micromecenazgo, los aficionados de todo el mundo se unieron para honrar a Jim\u00e9nez, que sufri\u00f3 una fractura de cr\u00e1neo hace menos de dos semanas [&hellip;]<\/p>\n","protected":false},"author":2,"featured_media":85873,"comment_status":"open","ping_status":"open","sticky":false,"template":"","format":"standard","meta":{"footnotes":""},"categories":[7],"tags":[],"class_list":["post-85872","post","type-post","status-publish","format-standard","has-post-thumbnail","hentry","category-deportes"],"_links":{"self":[{"href":"http:\/\/elcuartopoder.com.mx\/nw\/wp-json\/wp\/v2\/posts\/85872","targetHints":{"allow":["GET"]}}],"collection":[{"href":"http:\/\/elcuartopoder.com.mx\/nw\/wp-json\/wp\/v2\/posts"}],"about":[{"href":"http:\/\/elcuartopoder.com.mx\/nw\/wp-json\/wp\/v2\/types\/post"}],"author":[{"embeddable":true,"href":"http:\/\/elcuartopoder.com.mx\/nw\/wp-json\/wp\/v2\/users\/2"}],"replies":[{"embeddable":true,"href":"http:\/\/elcuartopoder.com.mx\/nw\/wp-json\/wp\/v2\/comments?post=85872"}],"version-history":[{"count":1,"href":"http:\/\/elcuartopoder.com.mx\/nw\/wp-json\/wp\/v2\/posts\/85872\/revisions"}],"predecessor-version":[{"id":85874,"href":"http:\/\/elcuartopoder.com.mx\/nw\/wp-json\/wp\/v2\/posts\/85872\/revisions\/85874"}],"wp:featuredmedia":[{"embeddable":true,"href":"http:\/\/elcuartopoder.com.mx\/nw\/wp-json\/wp\/v2\/media\/85873"}],"wp:attachment":[{"href":"http:\/\/elcuartopoder.com.mx\/nw\/wp-json\/wp\/v2\/media?parent=85872"}],"wp:term":[{"taxonomy":"category","embeddable":true,"href":"http:\/\/elcuartopoder.com.mx\/nw\/wp-json\/wp\/v2\/categories?post=85872"},{"taxonomy":"post_tag","embeddable":true,"href":"http:\/\/elcuartopoder.com.mx\/nw\/wp-json\/wp\/v2\/tags?post=85872"}],"curies":[{"name":"wp","href":"https:\/\/api.w.org\/{rel}","templated":true}]}}