{"id":85932,"date":"2020-12-15T19:28:37","date_gmt":"2020-12-16T00:28:37","guid":{"rendered":"http:\/\/elcuartopoder.com.mx\/nw\/?p=85932"},"modified":"2020-12-15T19:28:39","modified_gmt":"2020-12-16T00:28:39","slug":"diputados-aprueban-reforma-al-poder-judicial","status":"publish","type":"post","link":"http:\/\/elcuartopoder.com.mx\/nw\/destacadas\/diputados-aprueban-reforma-al-poder-judicial\/","title":{"rendered":"Diputados aprueban reforma al Poder Judicial"},"content":{"rendered":"\n<p>El Pleno de la C\u00e1mara de Diputados aprob\u00f3 este lunes, con 319 votos en favor y 88 en contra, la pol\u00e9mica reforma judicial, denominada \u00abLey Zald\u00edvar\u00bb, que concentra m\u00e1s poder en la figura del presidente de la Suprema Corte, Arturo Zald\u00edvar.<\/p>\n\n\n\n<p>Tras votar en contra del dictamen, junto a Movimiento Ciudadano, la bancada panista consider\u00f3 que se trata de una reforma \u00abcon ribetes autoritarios\u00bb, como lo plante\u00f3 Marcos Aguilar.<\/p>\n\n\n\n<p>En tanto, la tambi\u00e9n panista Pilar Ortega estim\u00f3 que implicar\u00e1 \u00abun riesgo por sus consecuencias en lo que toca a la autoridad del Poder Judicial y al control de los Poderes de la Uni\u00f3n.<\/p>\n\n\n\n<p>\u00abTenemos un poder fundado de que un Poder se sobreponga a los dem\u00e1s\u00bb, advirti\u00f3. \u00abLa reforma que hoy discutimos llega en el peor momento, en medio de la embestida m\u00e1s autoritaria de los \u00faltimos tiempos\u00bb, agreg\u00f3.<\/p>\n\n\n\n<figure class=\"wp-block-embed-twitter wp-block-embed is-type-rich is-provider-twitter\"><div class=\"wp-block-embed__wrapper\">\n<blockquote class=\"twitter-tweet\" data-width=\"550\" data-dnt=\"true\"><p lang=\"es\" dir=\"ltr\"><a href=\"https:\/\/twitter.com\/hashtag\/%C3%9AltimaHora?src=hash&amp;ref_src=twsrc%5Etfw\">#\u00daltimaHora<\/a> Con 319 votos a favor y 88 en contra, aprueban, en lo general, dictamen que reforma y adiciona diversas disposiciones de la Constituci\u00f3n Pol\u00edtica, relativas al Poder Judicial de la Federaci\u00f3n. <a href=\"https:\/\/t.co\/sa1As9I2XH\">pic.twitter.com\/sa1As9I2XH<\/a><\/p>&mdash; C\u00e1mara de Diputados (@Mx_Diputados) <a href=\"https:\/\/twitter.com\/Mx_Diputados\/status\/1338588126487392257?ref_src=twsrc%5Etfw\">December 14, 2020<\/a><\/blockquote><script async src=\"https:\/\/platform.twitter.com\/widgets.js\" charset=\"utf-8\"><\/script>\n<\/div><\/figure>\n","protected":false},"excerpt":{"rendered":"<p>El Pleno de la C\u00e1mara de Diputados aprob\u00f3 este lunes, con 319 votos en favor y 88 en contra, la pol\u00e9mica reforma judicial, denominada \u00abLey Zald\u00edvar\u00bb, que concentra m\u00e1s poder en la figura del presidente de la Suprema Corte, Arturo Zald\u00edvar. Tras votar en contra del dictamen, junto a Movimiento Ciudadano, la bancada panista consider\u00f3 [&hellip;]<\/p>\n","protected":false},"author":2,"featured_media":85933,"comment_status":"open","ping_status":"open","sticky":false,"template":"","format":"standard","meta":{"footnotes":""},"categories":[59],"tags":[],"class_list":["post-85932","post","type-post","status-publish","format-standard","has-post-thumbnail","hentry","category-destacadas"],"_links":{"self":[{"href":"http:\/\/elcuartopoder.com.mx\/nw\/wp-json\/wp\/v2\/posts\/85932","targetHints":{"allow":["GET"]}}],"collection":[{"href":"http:\/\/elcuartopoder.com.mx\/nw\/wp-json\/wp\/v2\/posts"}],"about":[{"href":"http:\/\/elcuartopoder.com.mx\/nw\/wp-json\/wp\/v2\/types\/post"}],"author":[{"embeddable":true,"href":"http:\/\/elcuartopoder.com.mx\/nw\/wp-json\/wp\/v2\/users\/2"}],"replies":[{"embeddable":true,"href":"http:\/\/elcuartopoder.com.mx\/nw\/wp-json\/wp\/v2\/comments?post=85932"}],"version-history":[{"count":1,"href":"http:\/\/elcuartopoder.com.mx\/nw\/wp-json\/wp\/v2\/posts\/85932\/revisions"}],"predecessor-version":[{"id":85934,"href":"http:\/\/elcuartopoder.com.mx\/nw\/wp-json\/wp\/v2\/posts\/85932\/revisions\/85934"}],"wp:featuredmedia":[{"embeddable":true,"href":"http:\/\/elcuartopoder.com.mx\/nw\/wp-json\/wp\/v2\/media\/85933"}],"wp:attachment":[{"href":"http:\/\/elcuartopoder.com.mx\/nw\/wp-json\/wp\/v2\/media?parent=85932"}],"wp:term":[{"taxonomy":"category","embeddable":true,"href":"http:\/\/elcuartopoder.com.mx\/nw\/wp-json\/wp\/v2\/categories?post=85932"},{"taxonomy":"post_tag","embeddable":true,"href":"http:\/\/elcuartopoder.com.mx\/nw\/wp-json\/wp\/v2\/tags?post=85932"}],"curies":[{"name":"wp","href":"https:\/\/api.w.org\/{rel}","templated":true}]}}