{"id":85935,"date":"2020-12-15T19:32:05","date_gmt":"2020-12-16T00:32:05","guid":{"rendered":"http:\/\/elcuartopoder.com.mx\/nw\/?p=85935"},"modified":"2020-12-15T19:32:06","modified_gmt":"2020-12-16T00:32:06","slug":"presentan-nuestros-heroes-paisanos-para-proteger-a-mexicanos-que-ingresen-al-pais","status":"publish","type":"post","link":"http:\/\/elcuartopoder.com.mx\/nw\/nacionales\/presentan-nuestros-heroes-paisanos-para-proteger-a-mexicanos-que-ingresen-al-pais\/","title":{"rendered":"Presentan \u201cNuestros H\u00e9roes Paisanos\u201d para proteger a mexicanos que ingresen al pa\u00eds"},"content":{"rendered":"\n<p>El comisionado de Migraci\u00f3n, Francisco Gardu\u00f1o present\u00f3 las acciones que se implementar\u00e1n ante la llegada de mexicanos en EU durante las fiestas decembrinas.<\/p>\n\n\n\n<p>Como parte de las acciones, present\u00f3 el programa \u201cNuestros H\u00e9roes Paisanos\u201d, el cual garantizar\u00e1 la protecci\u00f3n de mexicanos&nbsp;que ingresen al pa\u00eds.<\/p>\n\n\n\n<p>Francisco Gardu\u00f1o, indic\u00f3 que se instalar\u00e1 una oficina interinstitucional para atender problemas de los paisanos que regresan al pa\u00eds en esta temporada.<\/p>\n\n\n\n<p><strong>Fuente:<\/strong> XEU<\/p>\n","protected":false},"excerpt":{"rendered":"<p>El comisionado de Migraci\u00f3n, Francisco Gardu\u00f1o present\u00f3 las acciones que se implementar\u00e1n ante la llegada de mexicanos en EU durante las fiestas decembrinas. Como parte de las acciones, present\u00f3 el programa \u201cNuestros H\u00e9roes Paisanos\u201d, el cual garantizar\u00e1 la protecci\u00f3n de mexicanos&nbsp;que ingresen al pa\u00eds. Francisco Gardu\u00f1o, indic\u00f3 que se instalar\u00e1 una oficina interinstitucional para atender [&hellip;]<\/p>\n","protected":false},"author":2,"featured_media":85936,"comment_status":"open","ping_status":"open","sticky":false,"template":"","format":"standard","meta":{"footnotes":""},"categories":[55],"tags":[],"class_list":["post-85935","post","type-post","status-publish","format-standard","has-post-thumbnail","hentry","category-nacionales"],"_links":{"self":[{"href":"http:\/\/elcuartopoder.com.mx\/nw\/wp-json\/wp\/v2\/posts\/85935","targetHints":{"allow":["GET"]}}],"collection":[{"href":"http:\/\/elcuartopoder.com.mx\/nw\/wp-json\/wp\/v2\/posts"}],"about":[{"href":"http:\/\/elcuartopoder.com.mx\/nw\/wp-json\/wp\/v2\/types\/post"}],"author":[{"embeddable":true,"href":"http:\/\/elcuartopoder.com.mx\/nw\/wp-json\/wp\/v2\/users\/2"}],"replies":[{"embeddable":true,"href":"http:\/\/elcuartopoder.com.mx\/nw\/wp-json\/wp\/v2\/comments?post=85935"}],"version-history":[{"count":1,"href":"http:\/\/elcuartopoder.com.mx\/nw\/wp-json\/wp\/v2\/posts\/85935\/revisions"}],"predecessor-version":[{"id":85937,"href":"http:\/\/elcuartopoder.com.mx\/nw\/wp-json\/wp\/v2\/posts\/85935\/revisions\/85937"}],"wp:featuredmedia":[{"embeddable":true,"href":"http:\/\/elcuartopoder.com.mx\/nw\/wp-json\/wp\/v2\/media\/85936"}],"wp:attachment":[{"href":"http:\/\/elcuartopoder.com.mx\/nw\/wp-json\/wp\/v2\/media?parent=85935"}],"wp:term":[{"taxonomy":"category","embeddable":true,"href":"http:\/\/elcuartopoder.com.mx\/nw\/wp-json\/wp\/v2\/categories?post=85935"},{"taxonomy":"post_tag","embeddable":true,"href":"http:\/\/elcuartopoder.com.mx\/nw\/wp-json\/wp\/v2\/tags?post=85935"}],"curies":[{"name":"wp","href":"https:\/\/api.w.org\/{rel}","templated":true}]}}