{"id":86133,"date":"2020-12-22T09:06:17","date_gmt":"2020-12-22T14:06:17","guid":{"rendered":"http:\/\/elcuartopoder.com.mx\/nw\/?p=86133"},"modified":"2020-12-22T09:06:18","modified_gmt":"2020-12-22T14:06:18","slug":"todas-las-playas-de-cancun-reabren-tras-dos-meses-de-rehabilitacion","status":"publish","type":"post","link":"http:\/\/elcuartopoder.com.mx\/nw\/municipales\/todas-las-playas-de-cancun-reabren-tras-dos-meses-de-rehabilitacion\/","title":{"rendered":"Todas las playas de Canc\u00fan reabren tras dos meses de rehabilitaci\u00f3n"},"content":{"rendered":"\n<p>Las&nbsp;<strong>siete playas p\u00fablicas de Canc\u00fan estar\u00e1n abiertas simult\u00e1neamente<\/strong>&nbsp;luego de casi dos meses, pues los trabajos de rehabilitaci\u00f3n por el paso de los huracanes \u00abDelta\u00bb y \u00abZeta\u00bb son m\u00ednimos.<\/p>\n\n\n\n<p>Vagner Elbiorn Vega, titular de la Zona Federal Mar\u00edtimo Terrestre en el municipio (Zofemat), coment\u00f3 que los trabajos de rehabilitaci\u00f3n ya est\u00e1n m\u00e1s all\u00e1 del 90 por ciento y no representan riesgo para los ba\u00f1istas.<\/p>\n\n\n\n<p>Hace un par de meses comenzaron las&nbsp;<strong>obras de limpieza y reconstrucci\u00f3n de palapas<\/strong>&nbsp;y puestos de vigilancia para los guardavidas en las siete playas, tras el paso del hurac\u00e1n, por lo que en primera instancia se mantuvieron cerradas.<\/p>\n\n\n\n<p>Sin embargo, comenzaron a abrirse al p\u00fablico de forma paulatina y aleatoria, pues en algunos casos las reparaciones de las palapas&nbsp;<strong>y puestos de vigilancia bloqueaban los accesos p\u00fablicos<\/strong>, hasta ahora, que est\u00e1n disponibles todas al mismo tiempo.<\/p>\n\n\n\n<p>Se\u00f1al\u00f3 que la decisi\u00f3n de abrir las siete playas p\u00fablicas municipales se debe a que \u201cya s\u00f3lo hay detalles m\u00ednimos, como arreglar unas cuantas palapas y algunas otras cosas\u201d, las cuales no representan trabajos que representen alg\u00fan riesgo para los visitantes a las playas, como clavos en los arenales.<\/p>\n\n\n\n<blockquote class=\"wp-block-quote is-layout-flow wp-block-quote-is-layout-flow\"><p>\u201cPor eso ya quedaron oficialmente abiertas las siete playas p\u00fablicas municipales para que puedan visitarlas y con estos trabajos terminamos los que ten\u00edamos proyectados para 2020\u201d.<\/p><\/blockquote>\n\n\n\n<p>El entrevistado consider\u00f3 que&nbsp;<strong>la rehabilitaci\u00f3n de las playas est\u00e1 al 90 por ciento<\/strong>&nbsp;y confi\u00f3 en que la empresa concesionaria, Yucamex, termine las obras a finales de mes, como se tiene establecido.&nbsp;<\/p>\n\n\n\n<h2 class=\"wp-block-heading\">Se invirtieron 8.6 millones de pesos en la rehabilitaci\u00f3n de las playas de Canc\u00fan&nbsp;<\/h2>\n\n\n\n<p>Para la rehabilitaci\u00f3n y remozamiento de las siete playas p\u00fablicas municipales por los destrozos ocasionados por los huracanes \u201cDelta\u201d y \u201cZeta\u201d \u2013ocurridos a mediados de octubre\u2013, se invirtieron 8.6 millones de pesos.<\/p>\n\n\n\n<p>Elbiorn Vega\u00a0<strong>pidi\u00f3 a los ba\u00f1istas que en su visita a las playas respeten los lineamientos sanitarios<\/strong>\u00a0para evitar contagios de Covid-19, como usar cubrebocas al llegar e irse de las playas, mantener sana distancia y estar en grupos no mayores de cinco personas, no consumir bebidas alcoh\u00f3licas, entre otras disposiciones.<\/p>\n\n\n\n<p><strong>Fuente: <\/strong>SIPSE<\/p>\n","protected":false},"excerpt":{"rendered":"<p>Las&nbsp;siete playas p\u00fablicas de Canc\u00fan estar\u00e1n abiertas simult\u00e1neamente&nbsp;luego de casi dos meses, pues los trabajos de rehabilitaci\u00f3n por el paso de los huracanes \u00abDelta\u00bb y \u00abZeta\u00bb son m\u00ednimos. Vagner Elbiorn Vega, titular de la Zona Federal Mar\u00edtimo Terrestre en el municipio (Zofemat), coment\u00f3 que los trabajos de rehabilitaci\u00f3n ya est\u00e1n m\u00e1s all\u00e1 del 90 por [&hellip;]<\/p>\n","protected":false},"author":2,"featured_media":86134,"comment_status":"open","ping_status":"open","sticky":false,"template":"","format":"standard","meta":{"footnotes":""},"categories":[6],"tags":[],"class_list":["post-86133","post","type-post","status-publish","format-standard","has-post-thumbnail","hentry","category-municipales"],"_links":{"self":[{"href":"http:\/\/elcuartopoder.com.mx\/nw\/wp-json\/wp\/v2\/posts\/86133","targetHints":{"allow":["GET"]}}],"collection":[{"href":"http:\/\/elcuartopoder.com.mx\/nw\/wp-json\/wp\/v2\/posts"}],"about":[{"href":"http:\/\/elcuartopoder.com.mx\/nw\/wp-json\/wp\/v2\/types\/post"}],"author":[{"embeddable":true,"href":"http:\/\/elcuartopoder.com.mx\/nw\/wp-json\/wp\/v2\/users\/2"}],"replies":[{"embeddable":true,"href":"http:\/\/elcuartopoder.com.mx\/nw\/wp-json\/wp\/v2\/comments?post=86133"}],"version-history":[{"count":1,"href":"http:\/\/elcuartopoder.com.mx\/nw\/wp-json\/wp\/v2\/posts\/86133\/revisions"}],"predecessor-version":[{"id":86135,"href":"http:\/\/elcuartopoder.com.mx\/nw\/wp-json\/wp\/v2\/posts\/86133\/revisions\/86135"}],"wp:featuredmedia":[{"embeddable":true,"href":"http:\/\/elcuartopoder.com.mx\/nw\/wp-json\/wp\/v2\/media\/86134"}],"wp:attachment":[{"href":"http:\/\/elcuartopoder.com.mx\/nw\/wp-json\/wp\/v2\/media?parent=86133"}],"wp:term":[{"taxonomy":"category","embeddable":true,"href":"http:\/\/elcuartopoder.com.mx\/nw\/wp-json\/wp\/v2\/categories?post=86133"},{"taxonomy":"post_tag","embeddable":true,"href":"http:\/\/elcuartopoder.com.mx\/nw\/wp-json\/wp\/v2\/tags?post=86133"}],"curies":[{"name":"wp","href":"https:\/\/api.w.org\/{rel}","templated":true}]}}