{"id":86297,"date":"2020-12-28T11:04:55","date_gmt":"2020-12-28T16:04:55","guid":{"rendered":"http:\/\/elcuartopoder.com.mx\/nw\/?p=86297"},"modified":"2020-12-28T11:04:56","modified_gmt":"2020-12-28T16:04:56","slug":"bacalar-para-morena-o-alianza-opositora","status":"publish","type":"post","link":"http:\/\/elcuartopoder.com.mx\/nw\/editorial\/bacalar-para-morena-o-alianza-opositora\/","title":{"rendered":"\u00bfBacalar para MORENA o Alianza opositora?"},"content":{"rendered":"\n<p>El ascenso al poder de la izquierda radical; aquella que se autoproclama como comunista y habla la instauraci\u00f3n de un nuevo r\u00e9gimen pol\u00edtico; refiri\u00e9ndose principalmente al abandono de las pr\u00e1cticas de corrupci\u00f3n por parte de funcionarios de gobierno de primer nivel y la atenci\u00f3n de las clases m\u00e1s desprotegidas mediante una distribuci\u00f3n de la riqueza m\u00e1s equitativa; por el momento no ha arrojado resultados positivos.<\/p>\n\n\n\n<p>El desempe\u00f1o mediocre del ala radical de las izquierdas, pone en entredicho el arrastre de MORENA en todo el territorio nacional en las elecciones federales y locales de este 2021, por lo que a pesar de la fortaleza de este partido en el municipio de Bacalar, se hace obligado el cuestionamiento \u00bfBacalar ser\u00e1 para MORENA o para la Alianza Opositora?<\/p>\n\n\n\n<p>De manera oficial este 23 de diciembre dieron inicio las precampa\u00f1as; procedimiento mediante el cual los partidos pol\u00edticos definen a sus candidatos; sin embargo los principales aspirantes en este municipio se encuentran plenamente identificados y posicionados; adem\u00e1s de que se encuentran es espera, para acatar los criterios que el Instituto Nacional Electoral y el IEQROO definieron en cuanto a la equidad y paridad de g\u00e9nero, a que los partidos pol\u00edticos registren sus listas de candidatos antes del 31 de enero, respetando estos criterios.<\/p>\n\n\n\n<p>Los nombres de quienes seguramente estar\u00e1n luchando por abanderar a alg\u00fan partido pol\u00edtico o coalici\u00f3n ya son de sobra conocidos por los posibles votantes, entre ellos tenemos a; Javier Padilla Balam, Juan Manuel Herrera, Trinidad Guill\u00e9n N\u00fa\u00f1ez, Tania Casa Madrid, Jos\u00e9 Alfredo Contreras M\u00e9ndez, Guillermo Tun Ru\u00edz, Georgina N\u00fa\u00f1ez Campos, Cristina Coronado Cruz, Rivelino Valdivia Villaseca y Ana Pamplona; sin embargo de estos; tres los que m\u00e1s son mencionados en las charlas de sobremesa en estas fiestas navide\u00f1as.<\/p>\n\n\n\n<p>MORENA a\u00fan presume la obtenci\u00f3n de 30 millones de votos en las elecciones federales de 2018; sin embargo es dif\u00edcil de creer que siga teniendo el mismo arrastre en las elecciones federales de 2021 debido a los resultados negativos de la administraci\u00f3n de Andr\u00e9s Manuel L\u00f3pez Obrador; pero no por eso la Alianza opositora puede echar las campanas al vuelo pues como menciona el periodista, V\u00edctor Trujillo, caracterizando a su personaje de \u201dBrozo\u201d; \u201cprimero debieron de haber perdido perd\u00f3n por los resultados negativos que estos partidos tuvieron cuando ostentaba el ejercido el poder\u201d.<\/p>\n\n\n\n<p>Sin embargo aquellos radicales que aun defienden a capa y espada el logro de haber llevado a la presidencia a Andr\u00e9s Manuel L\u00f3pez Obrador y se niegan a aceptar la realidad, de que el actual Presidente de la Rep\u00fablica utiliz\u00f3 como estrategia de campa\u00f1a la demagogia; que significa el empleo de halagos, falsas promesas; que son populares pero dif\u00edciles de cumplir, con la finalidad de convencer al pueblo y convertirlo en instrumento de la propia ambici\u00f3n pol\u00edtica.<\/p>\n\n\n\n<p>Por su parte la Alianza Opositora conformada por el PAN, PRI y PRD, partidos que han sido acusados de corruptos por el gobierno federal actual; encabezado por MORENA, partido que ha demostrado tener m\u00e1s capacidad de corrupci\u00f3n que a los partidos que se\u00f1ala, tambi\u00e9n ha creado una nueva ecuaci\u00f3n, agregando a la corrupci\u00f3n, variables; como, ineficacia, abuso del poder, eliminaci\u00f3n de contrapesos republicanos y pr\u00e1cticas antidemocr\u00e1ticas; mientras la Alianza Opositora; \u201cVa por M\u00e9xico\u201d est\u00e1 apostando a ganar la mayor\u00eda en la C\u00e1mara de Diputados para restablecer el equilibrio de poderes.<\/p>\n\n\n\n<p>Si bien, esta Coalici\u00f3n podr\u00eda parecer bastante d\u00e9bil ante el poder acumulado por el Presidente, Andr\u00e9s Manuel L\u00f3pez Obrador, encuestas se\u00f1alan un posicionamiento de 24 % de intenci\u00f3n del voto para la Alianza Opositora; mientras que MORENA-PT-PVEM, obtiene un 22%, lo que en teor\u00eda le da posibilidades reales de arrebatarle San L\u00e1zaro al partido dominante.<\/p>\n\n\n\n<p><strong>Fuente:<\/strong> elpuntosobrelai<\/p>\n","protected":false},"excerpt":{"rendered":"<p>El ascenso al poder de la izquierda radical; aquella que se autoproclama como comunista y habla la instauraci\u00f3n de un nuevo r\u00e9gimen pol\u00edtico; refiri\u00e9ndose principalmente al abandono de las pr\u00e1cticas de corrupci\u00f3n por parte de funcionarios de gobierno de primer nivel y la atenci\u00f3n de las clases m\u00e1s desprotegidas mediante una distribuci\u00f3n de la riqueza [&hellip;]<\/p>\n","protected":false},"author":2,"featured_media":86298,"comment_status":"open","ping_status":"open","sticky":false,"template":"","format":"standard","meta":{"footnotes":""},"categories":[63],"tags":[],"class_list":["post-86297","post","type-post","status-publish","format-standard","has-post-thumbnail","hentry","category-editorial"],"_links":{"self":[{"href":"http:\/\/elcuartopoder.com.mx\/nw\/wp-json\/wp\/v2\/posts\/86297","targetHints":{"allow":["GET"]}}],"collection":[{"href":"http:\/\/elcuartopoder.com.mx\/nw\/wp-json\/wp\/v2\/posts"}],"about":[{"href":"http:\/\/elcuartopoder.com.mx\/nw\/wp-json\/wp\/v2\/types\/post"}],"author":[{"embeddable":true,"href":"http:\/\/elcuartopoder.com.mx\/nw\/wp-json\/wp\/v2\/users\/2"}],"replies":[{"embeddable":true,"href":"http:\/\/elcuartopoder.com.mx\/nw\/wp-json\/wp\/v2\/comments?post=86297"}],"version-history":[{"count":1,"href":"http:\/\/elcuartopoder.com.mx\/nw\/wp-json\/wp\/v2\/posts\/86297\/revisions"}],"predecessor-version":[{"id":86299,"href":"http:\/\/elcuartopoder.com.mx\/nw\/wp-json\/wp\/v2\/posts\/86297\/revisions\/86299"}],"wp:featuredmedia":[{"embeddable":true,"href":"http:\/\/elcuartopoder.com.mx\/nw\/wp-json\/wp\/v2\/media\/86298"}],"wp:attachment":[{"href":"http:\/\/elcuartopoder.com.mx\/nw\/wp-json\/wp\/v2\/media?parent=86297"}],"wp:term":[{"taxonomy":"category","embeddable":true,"href":"http:\/\/elcuartopoder.com.mx\/nw\/wp-json\/wp\/v2\/categories?post=86297"},{"taxonomy":"post_tag","embeddable":true,"href":"http:\/\/elcuartopoder.com.mx\/nw\/wp-json\/wp\/v2\/tags?post=86297"}],"curies":[{"name":"wp","href":"https:\/\/api.w.org\/{rel}","templated":true}]}}