{"id":86633,"date":"2021-01-09T21:10:28","date_gmt":"2021-01-10T02:10:28","guid":{"rendered":"http:\/\/elcuartopoder.com.mx\/nw\/?p=86633"},"modified":"2021-01-09T21:10:29","modified_gmt":"2021-01-10T02:10:29","slug":"quien-es-quien-este-2021-en-bacalar","status":"publish","type":"post","link":"http:\/\/elcuartopoder.com.mx\/nw\/municipales\/quien-es-quien-este-2021-en-bacalar\/","title":{"rendered":"Qui\u00e9n es qui\u00e9n este 2021\u2026 \u00a1En Bacalar!"},"content":{"rendered":"\n<p>Bacalar, Q. Roo.- Ante la innegable decepci\u00f3n del \u201cGobierno del Cambio\u201d emanado de la alianza entre los partidos Acci\u00f3n Nacional (PAN) y de la Revoluci\u00f3n Democr\u00e1tica (PRD); el total desencanto producido por la incapacidad y voracidad de los diputados de la 4\u00aa Transformaci\u00f3n, principalmente los emanados del Movimiento de Regeneraci\u00f3n Nacional (Morena), aunado al total fracaso del Ayuntamiento \u201cmorenista\u201d en Oth\u00f3n P. Blanco y que influir\u00e1 en el \u00e1nimo del electorado del Sur de la entidad, en Bacalar se pronostica una cerrada contienda de cuadros.<\/p>\n\n\n\n<p>Y en ese sentido podemos adelantar que entre los m\u00e1s seguros postulados para este proceso electoral son el ingeniero agr\u00f3nomo Jorge Villanueva Caamal, de concretarse, por la coalici\u00f3n entre Morena, el Partido del Trabajo (PT) y Verde Ecologista (PVEM); el profesor Javier Padilla Balam por la alianza PAN, PRD y el Revolucionario Institucional (PRI), y el popular taquero Jos\u00e9 Alfredo Contreras \u201cEl Chepe\u201d quien abanderar\u00e1 la causa de Movimiento Ciudadano (MC); sin duda tres bacalarenses con luz y potencial propios dignos de ocupar la m\u00e1xima silla del d\u00e9cimo municipio.<\/p>\n\n\n\n<blockquote class=\"wp-block-quote is-layout-flow wp-block-quote-is-layout-flow\"><p>-\u201cINGE VILLANUEVA\u201d-<\/p><\/blockquote>\n\n\n\n<p>Ingeniero agr\u00f3nomo que ha llevado sus conocimientos a la zona rural, fungi\u00f3 como director de Desarrollo Rural en el Concejo Ciudadano al crearse municipio de Bacalar y desde ese cargo, Villanueva Caamal impuls\u00f3 un programa ganadero para eliminar la corrupci\u00f3n del negocio de selecci\u00f3n y compra de sementales, estableciendo la negociaci\u00f3n directa entre el ganadero con el criador de registro de manera abierta en la Expo Ganadera incluida en la tradicional Feria de Bacalar, que tambi\u00e9n implement\u00f3 en esa primera administraci\u00f3n encabezada por Francisco Flota Medrano.<\/p>\n\n\n\n<div class=\"wp-block-image\"><figure class=\"aligncenter\"><img decoding=\"async\" src=\"https:\/\/www.elpuntosobrelai.com\/wp-content\/uploads\/2021\/01\/villanueva-1024x854.jpg\" alt=\"\" class=\"wp-image-130598\"\/><\/figure><\/div>\n\n\n\n<p>Entre otros logros destacados, el entonces funcionario municipal certific\u00f3 el primer Paquete Tecnol\u00f3gico de Pi\u00f1a en Quintana Roo con el trabajo de productores y t\u00e9cnicos del Inifap, para producir pi\u00f1a con mejor calidad. Con esto hasta la actualidad se justifican las inversiones econ\u00f3micas federales para el impulso y consolidaci\u00f3n de pi\u00f1a en comunidades bacalarenses como Pedro A. Santos, \u00c1vila Camacho, \u201cLa Pantera\u201d, Divorciados, R\u00edo Verde, Valent\u00edn G\u00f3mez Far\u00edas, Huatusco e Isidro Favela.<\/p>\n\n\n\n<p>Tambi\u00e9n ha logrado a trav\u00e9s de sus gestiones el establecimiento de dos planteles de estudios de nivel medio y el M\u00f3dulo del Instituto Tecnol\u00f3gico de la Zona Maya en R\u00edo Verde, por lo que dada su trayectoria en la funci\u00f3n p\u00fablica, su preparaci\u00f3n acad\u00e9mica, el profundo conocimiento que tiene sobre el agro bacalarense aunado a su labor como protagonista del Cambio Verdadero que le permite el conocimiento de allegar programas sociales al pueblo de manera directa, el \u201cInge Villanueva\u201d es un perfil id\u00f3neo dirigir el rumbo del d\u00e9cimo municipio.<\/p>\n\n\n\n<blockquote class=\"wp-block-quote is-layout-flow wp-block-quote-is-layout-flow\"><p>-\u201cEL CHEPE\u201d-<\/p><\/blockquote>\n\n\n\n<p>Desde la Alcald\u00eda antes de ser municipio, pasando por la diputaci\u00f3n local y la Presidencia Municipal, el popular taquero pudiera tener las tablas suficientes para volver a ocupar un cargo que en su momento para muchos no cubri\u00f3 las expectativas pues de entrada permiti\u00f3 que el entonces gobernador del Estado, Roberto Borge Angulo, le impusiera cuotas chetumale\u00f1as como funcionarios de primer nivel en puestos claves como la Tesorer\u00eda, Secretar\u00eda General, Desarrollo Social y Obra P\u00fablica, cuando la demanda era clara: \u201cBacalar para los bacalarenses\u201d.<\/p>\n\n\n\n<div class=\"wp-block-image\"><figure class=\"aligncenter\"><img decoding=\"async\" src=\"https:\/\/www.elpuntosobrelai.com\/wp-content\/uploads\/2021\/01\/chepe-920x1024.jpg\" alt=\"\" class=\"wp-image-130599\"\/><\/figure><\/div>\n\n\n\n<p>Y si bien es muy reconocida su reputaci\u00f3n como hombre trabajador y cercano a la gente, ni como diputado ni como presidente se le recuerda por alguna iniciativa u obra relevante y de beneficio perdurable para los habitantes del d\u00e9cimo municipio aunque tampoco se le recuerda por haber hecho un mal ejercicio en sus funciones salvo la disputa encarnizada que sosten\u00eda al interior del PRI, partido que lo llev\u00f3 a ocupar los cargos mencionados y con el propio mandatario estatal de entonces.<\/p>\n\n\n\n<p>Tal vez de volver a ser el elegido por el pueblo, Contreras M\u00e9ndez quiera sacarse la espina y refrendar su compromiso con el pueblo ejerciendo una administraci\u00f3n que arroje beneficios y desarrollo para toda la poblaci\u00f3n, sobre todo ante las consecuencias de cambio Universal que est\u00e1 ocasionando la pandemia Covid-19 y que obliga a todo gobierno a dar pasos certeros en materia de salud, cuidado del medio ambiente y desarrollo econ\u00f3mico.<\/p>\n\n\n\n<blockquote class=\"wp-block-quote is-layout-flow wp-block-quote-is-layout-flow\"><p>-\u201cEL PROFE PADILLA\u201d-<\/p><\/blockquote>\n\n\n\n<p>Bacalar tiene en un muy buen concepto a Javier Padilla Balam, pol\u00edtico sencillo y de mucho contacto ciudadano ha destacado por su continuo apoyo a los sectores m\u00e1s vulnerables primero como miembro del primer Consejo Ciudadano que gobern\u00f3 el d\u00e9cimo municipio y posteriormente como diputado local, lo que le permiti\u00f3 llegar a m\u00e1s bacalarenses necesitados de alg\u00fan apoyo.<\/p>\n\n\n\n<div class=\"wp-block-image\"><figure class=\"aligncenter\"><img decoding=\"async\" src=\"https:\/\/www.elpuntosobrelai.com\/wp-content\/uploads\/2021\/01\/padilla.jpg\" alt=\"\" class=\"wp-image-130600\"\/><\/figure><\/div>\n\n\n\n<p>Su vocaci\u00f3n educativa y pleno conocimiento del medio ambiente en Bacalar lo califica para encaminar el municipio hacia un desarrollo sustentable y definitivamente por su sensibilidad garantizar\u00eda un gobierno atento a las necesidades de los bacalarenses en todos los sentidos, sin embargo, estar\u00eda abanderando institutos que no le ofrecen mucho respaldo electoral, por lo que su esfuerzo tendr\u00e1 que ser triple para estar dentro de la pelea.<\/p>\n\n\n\n<blockquote class=\"wp-block-quote is-layout-flow wp-block-quote-is-layout-flow\"><p>-USTED DECIDE-<\/p><\/blockquote>\n\n\n\n<p>Tres bacalarenses con las mayores probabilidades de obtener el triunfo, pero tambi\u00e9n tres opciones que garantizar\u00edan un buen gobierno de acuerdo a sus perfiles, y que es muy seguro que figuren en las boletas electorales del 6 de junio pr\u00f3ximo.<\/p>\n\n\n\n<p><strong>Fuente:<\/strong> elpuntosobrelai<\/p>\n","protected":false},"excerpt":{"rendered":"<p>Bacalar, Q. Roo.- Ante la innegable decepci\u00f3n del \u201cGobierno del Cambio\u201d emanado de la alianza entre los partidos Acci\u00f3n Nacional (PAN) y de la Revoluci\u00f3n Democr\u00e1tica (PRD); el total desencanto producido por la incapacidad y voracidad de los diputados de la 4\u00aa Transformaci\u00f3n, principalmente los emanados del Movimiento de Regeneraci\u00f3n Nacional (Morena), aunado al total [&hellip;]<\/p>\n","protected":false},"author":2,"featured_media":86634,"comment_status":"open","ping_status":"open","sticky":false,"template":"","format":"standard","meta":{"footnotes":""},"categories":[6],"tags":[],"class_list":["post-86633","post","type-post","status-publish","format-standard","has-post-thumbnail","hentry","category-municipales"],"_links":{"self":[{"href":"http:\/\/elcuartopoder.com.mx\/nw\/wp-json\/wp\/v2\/posts\/86633","targetHints":{"allow":["GET"]}}],"collection":[{"href":"http:\/\/elcuartopoder.com.mx\/nw\/wp-json\/wp\/v2\/posts"}],"about":[{"href":"http:\/\/elcuartopoder.com.mx\/nw\/wp-json\/wp\/v2\/types\/post"}],"author":[{"embeddable":true,"href":"http:\/\/elcuartopoder.com.mx\/nw\/wp-json\/wp\/v2\/users\/2"}],"replies":[{"embeddable":true,"href":"http:\/\/elcuartopoder.com.mx\/nw\/wp-json\/wp\/v2\/comments?post=86633"}],"version-history":[{"count":1,"href":"http:\/\/elcuartopoder.com.mx\/nw\/wp-json\/wp\/v2\/posts\/86633\/revisions"}],"predecessor-version":[{"id":86635,"href":"http:\/\/elcuartopoder.com.mx\/nw\/wp-json\/wp\/v2\/posts\/86633\/revisions\/86635"}],"wp:featuredmedia":[{"embeddable":true,"href":"http:\/\/elcuartopoder.com.mx\/nw\/wp-json\/wp\/v2\/media\/86634"}],"wp:attachment":[{"href":"http:\/\/elcuartopoder.com.mx\/nw\/wp-json\/wp\/v2\/media?parent=86633"}],"wp:term":[{"taxonomy":"category","embeddable":true,"href":"http:\/\/elcuartopoder.com.mx\/nw\/wp-json\/wp\/v2\/categories?post=86633"},{"taxonomy":"post_tag","embeddable":true,"href":"http:\/\/elcuartopoder.com.mx\/nw\/wp-json\/wp\/v2\/tags?post=86633"}],"curies":[{"name":"wp","href":"https:\/\/api.w.org\/{rel}","templated":true}]}}