{"id":86818,"date":"2021-01-16T12:18:48","date_gmt":"2021-01-16T17:18:48","guid":{"rendered":"http:\/\/elcuartopoder.com.mx\/nw\/?p=86818"},"modified":"2021-01-16T12:18:50","modified_gmt":"2021-01-16T17:18:50","slug":"el-lejano-2024-y-la-ausencia-de-lideres-atractivos","status":"publish","type":"post","link":"http:\/\/elcuartopoder.com.mx\/nw\/politica\/el-lejano-2024-y-la-ausencia-de-lideres-atractivos\/","title":{"rendered":"El \u2018lejano\u2019 2024 y la ausencia de l\u00edderes atractivos"},"content":{"rendered":"\n<p class=\"wp-block-paragraph\">En lo que va del gobierno de Andr\u00e9s Manuel L\u00f3pez Obrador no se ha presentado alg\u00fan perfil o perfiles atractivos para el electorado mexicano rumbo a las elecciones intermedias de 2021 y mucho menos para las&nbsp;<strong>elecciones presidenciales de 2024.<\/strong><\/p>\n\n\n\n<p class=\"wp-block-paragraph\">Tanto el \u201cregreso a la vida p\u00fablica\u201d del excandidato presidencial\u00a0<strong>Ricardo Anaya<\/strong>\u00a0como los se\u00f1alamientos de Porfirio Mu\u00f1oz Ledo respecto a las ambiciones pol\u00edticas de\u00a0<strong>Marcelo Ebrard<\/strong>\u00a0han puesto en el foco de la opini\u00f3n la sucesi\u00f3n presidencial dentro de cuatro a\u00f1os. \u00a0<\/p>\n\n\n\n<p class=\"wp-block-paragraph\">Adem\u00e1s de estas dos figuras pol\u00edticas,&nbsp;<strong>Enrique Alfaro,&nbsp;<\/strong>gobernador de Jalisco; y&nbsp;<strong>Claudia Sheinbaum<\/strong>, jefa de gobierno de la Ciudad de M\u00e9xico, son los perfiles m\u00e1s destacados dentro de un grupo de gobernadores con aspiraciones presidenciales, considera Nicol\u00e1s Loza Otero, investigador en Facultad Latinoamericana de Ciencias Sociales (Flacso) M\u00e9xico.<\/p>\n\n\n\n<p class=\"wp-block-paragraph\">Sin embargo, Loza Otero advierte que hasta el momento los<strong>\u00a0grupos de oposici\u00f3n parecen estar diluidos<\/strong>\u00a0y en el caso de los aspirantes que pertenecen a Morena o al gobierno federal, la disputa interna por la elecci\u00f3n de un dirigente del partido en el poder, modificar\u00e1 el balance de fuerzas rumbo a 2024.\u00a0<\/p>\n\n\n\n<h2 class=\"wp-block-heading\">No a todo lo viejo&nbsp;<\/h2>\n\n\n\n<p class=\"wp-block-paragraph\">Si bien resulta precipitado hacer un pron\u00f3stico pol\u00edtico de 2024, hasta el momento el gobierno federal ha tenido \u00e9xito en&nbsp;<strong>desarticular cr\u00edticas o proyectos por parte de la oposici\u00f3n.&nbsp;<\/strong><\/p>\n\n\n\n<p class=\"wp-block-paragraph\">Loza Otero pone como ejemplo la propuesta elaborada por ex secretarios de salud para atender la pandemia por Covid-19 y frenarla en ocho semanas.&nbsp;<\/p>\n\n\n\n<p class=\"wp-block-paragraph\">\u201cEs\u00a0 una propuesta seria, no se trata de calificar si es correcta o no. Sin embargo, fue relativamente f\u00e1cil para el actual subsecretario de Salud, Hugo L\u00f3pez-Gatell, y el presidente descalificarlos con el argumento de que Narro no hab\u00eda construido 30 hospitales o de que era imposible tener una f\u00f3rmula m\u00e1gica, arrinconaron en la discusi\u00f3n p\u00fablica esa propuesta. El propio Gatell se\u00f1al\u00f3 que<strong>\u00a0se trataba de un esfuerzo auspiciado por un partido pol\u00edtico<\/strong>\u201d, apunt\u00f3 el especialista.\u00a0<\/p>\n\n\n\n<p class=\"wp-block-paragraph\">Se\u00f1al\u00f3 que L\u00f3pez Obrador ha construido un discurso efectivo en torno a los personajes del&nbsp;<strong>\u201cpasado neoliberal que fue catastr\u00f3fico\u201d.<\/strong>&nbsp;<\/p>\n\n\n\n<p class=\"wp-block-paragraph\">\u201cEstamos en un terreno discursivo que\u00a0<strong>lo m\u00e1s relevante no es la realidad, sino la articulaci\u00f3n del discurso y la credibilidad del emisor\u00a0<\/strong>del discurso. Lo que sabemos es que AMLO y sus colaboradores gozan de credibilidad y aprobaci\u00f3n y las oposiciones carecen de ambas caracter\u00edsticas, no tiene credibilidad y aprobaci\u00f3n y es muy dif\u00edcil saber c\u00f3mo salir del laberinto\u201d.\u00a0<\/p>\n\n\n\n<p class=\"wp-block-paragraph\"><strong>Fuente: <\/strong>forbes<\/p>\n","protected":false},"excerpt":{"rendered":"<p>En lo que va del gobierno de Andr\u00e9s Manuel L\u00f3pez Obrador no se ha presentado alg\u00fan perfil o perfiles atractivos para el electorado mexicano rumbo a las elecciones intermedias de 2021 y mucho menos para las&nbsp;elecciones presidenciales de 2024. Tanto el \u201cregreso a la vida p\u00fablica\u201d del excandidato presidencial\u00a0Ricardo Anaya\u00a0como los se\u00f1alamientos de Porfirio Mu\u00f1oz [&hellip;]<\/p>\n","protected":false},"author":2,"featured_media":86819,"comment_status":"open","ping_status":"open","sticky":false,"template":"","format":"standard","meta":{"footnotes":""},"categories":[61],"tags":[],"class_list":["post-86818","post","type-post","status-publish","format-standard","has-post-thumbnail","hentry","category-politica"],"_links":{"self":[{"href":"http:\/\/elcuartopoder.com.mx\/nw\/wp-json\/wp\/v2\/posts\/86818","targetHints":{"allow":["GET"]}}],"collection":[{"href":"http:\/\/elcuartopoder.com.mx\/nw\/wp-json\/wp\/v2\/posts"}],"about":[{"href":"http:\/\/elcuartopoder.com.mx\/nw\/wp-json\/wp\/v2\/types\/post"}],"author":[{"embeddable":true,"href":"http:\/\/elcuartopoder.com.mx\/nw\/wp-json\/wp\/v2\/users\/2"}],"replies":[{"embeddable":true,"href":"http:\/\/elcuartopoder.com.mx\/nw\/wp-json\/wp\/v2\/comments?post=86818"}],"version-history":[{"count":1,"href":"http:\/\/elcuartopoder.com.mx\/nw\/wp-json\/wp\/v2\/posts\/86818\/revisions"}],"predecessor-version":[{"id":86820,"href":"http:\/\/elcuartopoder.com.mx\/nw\/wp-json\/wp\/v2\/posts\/86818\/revisions\/86820"}],"wp:featuredmedia":[{"embeddable":true,"href":"http:\/\/elcuartopoder.com.mx\/nw\/wp-json\/wp\/v2\/media\/86819"}],"wp:attachment":[{"href":"http:\/\/elcuartopoder.com.mx\/nw\/wp-json\/wp\/v2\/media?parent=86818"}],"wp:term":[{"taxonomy":"category","embeddable":true,"href":"http:\/\/elcuartopoder.com.mx\/nw\/wp-json\/wp\/v2\/categories?post=86818"},{"taxonomy":"post_tag","embeddable":true,"href":"http:\/\/elcuartopoder.com.mx\/nw\/wp-json\/wp\/v2\/tags?post=86818"}],"curies":[{"name":"wp","href":"https:\/\/api.w.org\/{rel}","templated":true}]}}