{"id":86821,"date":"2021-01-16T12:22:27","date_gmt":"2021-01-16T17:22:27","guid":{"rendered":"http:\/\/elcuartopoder.com.mx\/nw\/?p=86821"},"modified":"2021-01-16T12:22:29","modified_gmt":"2021-01-16T17:22:29","slug":"mexico-esta-listo-para-tener-una-presidenta-en-2024-esto-piensa-amlo","status":"publish","type":"post","link":"http:\/\/elcuartopoder.com.mx\/nw\/opinion\/mexico-esta-listo-para-tener-una-presidenta-en-2024-esto-piensa-amlo\/","title":{"rendered":"\u00bfM\u00e9xico est\u00e1 listo para tener una presidenta en 2024? Esto piensa AMLO"},"content":{"rendered":"\n<p class=\"wp-block-paragraph\">M\u00e9xico puede tener&nbsp;<strong>a una mujer como presidenta&nbsp;<\/strong>en los pr\u00f3ximos a\u00f1os, consider\u00f3 este viernes el presidente&nbsp;<strong>Andr\u00e9s Manuel L\u00f3pez Obrador.<\/strong><\/p>\n\n\n\n<p class=\"wp-block-paragraph\">Al ser cuestionado sobre si considera que el pa\u00eds est\u00e1 preparado para que la silla presidencial sea ocupada por una mujer, ya sea en las<strong>&nbsp;elecciones federales de 2024 o de 2030<\/strong>, el mandatario apunt\u00f3 que s\u00ed.<\/p>\n\n\n\n<p class=\"wp-block-paragraph\">\u00ab<strong>Desde luego que s\u00ed, para hombres, para mujeres,<\/strong>&nbsp;todos tenemos los mismos derechos y si el pueblo lo decide puede ocupar el cargo de presidente una mujer, un hombre. El pueblo manda en la democracia y tiene que haber igualdad\u00bb, indic\u00f3 en la conferencia matutina.<\/p>\n\n\n\n<p class=\"wp-block-paragraph\">El mandatario federal insisti\u00f3 en que no se puede excluir a nadie de estos cargos y que quien estar\u00e1 en la Presidencia en pr\u00f3ximos a\u00f1os ser\u00e1\u00a0<strong>decisi\u00f3n de los ciudadanos.<\/strong><\/p>\n\n\n\n<p class=\"wp-block-paragraph\"><strong>Fuente: <\/strong>elfinanciero<\/p>\n","protected":false},"excerpt":{"rendered":"<p>M\u00e9xico puede tener&nbsp;a una mujer como presidenta&nbsp;en los pr\u00f3ximos a\u00f1os, consider\u00f3 este viernes el presidente&nbsp;Andr\u00e9s Manuel L\u00f3pez Obrador. Al ser cuestionado sobre si considera que el pa\u00eds est\u00e1 preparado para que la silla presidencial sea ocupada por una mujer, ya sea en las&nbsp;elecciones federales de 2024 o de 2030, el mandatario apunt\u00f3 que s\u00ed. \u00abDesde [&hellip;]<\/p>\n","protected":false},"author":2,"featured_media":86822,"comment_status":"open","ping_status":"open","sticky":false,"template":"","format":"standard","meta":{"footnotes":""},"categories":[62],"tags":[],"class_list":["post-86821","post","type-post","status-publish","format-standard","has-post-thumbnail","hentry","category-opinion"],"_links":{"self":[{"href":"http:\/\/elcuartopoder.com.mx\/nw\/wp-json\/wp\/v2\/posts\/86821","targetHints":{"allow":["GET"]}}],"collection":[{"href":"http:\/\/elcuartopoder.com.mx\/nw\/wp-json\/wp\/v2\/posts"}],"about":[{"href":"http:\/\/elcuartopoder.com.mx\/nw\/wp-json\/wp\/v2\/types\/post"}],"author":[{"embeddable":true,"href":"http:\/\/elcuartopoder.com.mx\/nw\/wp-json\/wp\/v2\/users\/2"}],"replies":[{"embeddable":true,"href":"http:\/\/elcuartopoder.com.mx\/nw\/wp-json\/wp\/v2\/comments?post=86821"}],"version-history":[{"count":1,"href":"http:\/\/elcuartopoder.com.mx\/nw\/wp-json\/wp\/v2\/posts\/86821\/revisions"}],"predecessor-version":[{"id":86823,"href":"http:\/\/elcuartopoder.com.mx\/nw\/wp-json\/wp\/v2\/posts\/86821\/revisions\/86823"}],"wp:featuredmedia":[{"embeddable":true,"href":"http:\/\/elcuartopoder.com.mx\/nw\/wp-json\/wp\/v2\/media\/86822"}],"wp:attachment":[{"href":"http:\/\/elcuartopoder.com.mx\/nw\/wp-json\/wp\/v2\/media?parent=86821"}],"wp:term":[{"taxonomy":"category","embeddable":true,"href":"http:\/\/elcuartopoder.com.mx\/nw\/wp-json\/wp\/v2\/categories?post=86821"},{"taxonomy":"post_tag","embeddable":true,"href":"http:\/\/elcuartopoder.com.mx\/nw\/wp-json\/wp\/v2\/tags?post=86821"}],"curies":[{"name":"wp","href":"https:\/\/api.w.org\/{rel}","templated":true}]}}