{"id":86824,"date":"2021-01-16T12:32:48","date_gmt":"2021-01-16T17:32:48","guid":{"rendered":"http:\/\/elcuartopoder.com.mx\/nw\/?p=86824"},"modified":"2021-01-16T12:32:49","modified_gmt":"2021-01-16T17:32:49","slug":"niega-candy-ayuso-que-el-pri-favorezca-a-morena-al-no-ir-en-alianza-en-cancun","status":"publish","type":"post","link":"http:\/\/elcuartopoder.com.mx\/nw\/politica\/niega-candy-ayuso-que-el-pri-favorezca-a-morena-al-no-ir-en-alianza-en-cancun\/","title":{"rendered":"Niega Candy Ayuso que el PRI favorezca a Morena al no ir en alianza en Canc\u00fan"},"content":{"rendered":"\n<p class=\"wp-block-paragraph\"><strong>CANC\u00daN, MX.-<\/strong>&nbsp;La dirigente estatal del Partido Revolucionario Institucional (PRI) neg\u00f3 que le est\u00e1n \u201chaciendo el caldo gordo\u201d a Morena al ir por separado en Benito Ju\u00e1rez, en lugar de apoyar a sus aliados del PAN, PRD y Confianza, pues indic\u00f3 que cuentan con las cifras para dar batalla.<\/p>\n\n\n\n<p class=\"wp-block-paragraph\"><strong>Candelaria Ayuso Achach<\/strong>&nbsp;defendi\u00f3 que las cifras de Morena actualmente no son las mismas que hace tres a\u00f1os, adem\u00e1s que ellos llevan meses trabajando en fortalecer su estructura, por lo que est\u00e1n listos para el actual proceso electoral en Canc\u00fan.<\/p>\n\n\n\n<p class=\"wp-block-paragraph\">Aunque todav\u00eda no han definido candidato en Canc\u00fan, ni en ning\u00fan municipio, confirm\u00f3 que han manifestado su intenci\u00f3n Mario Castro Basto,&nbsp;<strong>Leslie Hendricks D\u00edaz<\/strong>, Jorge Rodr\u00edguez, Berenice Polanco y Francisco Amaro. Ser\u00e1 hasta el 23 de enero cuando ya tengan a sus \u201cgallos\u201d, con base en una encuesta que ya se est\u00e1 realizando.<\/p>\n\n\n\n<p class=\"wp-block-paragraph\">El tricolor ayer sign\u00f3 un convenio de coalici\u00f3n parcial, in\u00e9dito en el estado, con Acci\u00f3n Nacional, el Partido de la Revoluci\u00f3n Democr\u00e1tica (PRD) y con Confianza por Quintana Roo, en nueve municipios. Sin embargo, en Benito Ju\u00e1rez, considerado el \u201cbasti\u00f3n\u201d de Morena y donde m\u00e1s se requiere unidad, el PRI ir\u00e1 por su cuenta.<\/p>\n\n\n\n<p class=\"wp-block-paragraph\">Aunque Candy Ayuso afirm\u00f3 que se trata de una estrategia en beneficio de la poblaci\u00f3n, lo cierto es que al obrar as\u00ed pr\u00e1cticamente garantizan el obtener al menos una regidur\u00eda, algo que, de ir en alianza, s\u00f3lo ocurrir\u00eda si ganara su coalici\u00f3n.<\/p>\n\n\n\n<p class=\"wp-block-paragraph\">Tambi\u00e9n en Puerto Morelos ir\u00e1n a solas, raz\u00f3n por la que ma\u00f1ana se reunir\u00e1n con su dirigente municipal, Rub\u00e9n Montoya, para revisar posibles candidatos.<\/p>\n\n\n\n<p class=\"wp-block-paragraph\">De los nueve municipios en alianza, el PRI encabezar\u00e1 en tres: Cozumel (donde son gobierno y todo indica se buscar\u00e1 reelecci\u00f3n), Bacalar y Felipe Carrillo Puerto (en donde gobiernan sus aliados del PRD, pero donde al parecer no se permitir\u00e1 reelecci\u00f3n). A nivel federal, les toca un distrito, el 2, con cabecera en Chetumal.<\/p>\n\n\n\n<p class=\"wp-block-paragraph\">A la pregunta de si no son pocos espacios, en vista que el PRI hace pocos a\u00f1os ten\u00eda una hegemon\u00eda casi total en el estado, la dirigente mencion\u00f3 que ahora tienen dos municipios, y esto son tres candidaturas.<\/p>\n\n\n\n<p class=\"wp-block-paragraph\">Uno de estos municipios es Isla Mujeres, en donde al parecer se pondr\u00e1 fin al gobierno actual, pues all\u00ed pondr\u00e1 candidato el PAN. Esto ya propici\u00f3 la renuncia ayer de Fernando Bacelis Godoy, director de Obras P\u00fablicas de ese ayuntamiento.<\/p>\n\n\n\n<p class=\"wp-block-paragraph\">Al respecto, Candy Ayuso lament\u00f3 que tomara esa decisi\u00f3n, pero record\u00f3 que m\u00e1s que los proyectos individuales, est\u00e1 el bienestar de la poblaci\u00f3n, y ellos conf\u00edan en que esta coalici\u00f3n es la mejor ruta.<\/p>\n\n\n\n<p class=\"wp-block-paragraph\">Recalc\u00f3 que este no es un \u201ctrabajo de tres d\u00edas\u201d sino que es fruto de meses de reuniones, an\u00e1lisis y encuestas, en las que se vio qui\u00e9nes iban creciendo en el favor de la ciudadan\u00eda.<\/p>\n\n\n\n<p class=\"wp-block-paragraph\">\u201cNo es un tema de inter\u00e9s personal, porque de lo contrario habr\u00edamos pedido m\u00e1s espacios\u201d, defendi\u00f3.<\/p>\n\n\n\n<p class=\"wp-block-paragraph\">De todas formas, advirti\u00f3 que el que le toque encabezar a un partido en un municipio no significa que se colocar\u00e1 a un candidato del mismo, eso queda abierto.<\/p>\n\n\n\n<p class=\"wp-block-paragraph\">El PRI actualmente tiene m\u00e1s de 10 mil militantes afiliados, con el proceso de refrendo todav\u00eda por concluir. Esto contrasta mucho con los 3 mil que contaban cuando ella lleg\u00f3 a la dirigencia, asever\u00f3.<\/p>\n\n\n\n<p class=\"wp-block-paragraph\">Exhort\u00f3 a no enfocarse en las diferencias hist\u00f3ricas entre los partidos ahora aliados, en especial el PRD, sino que \u201cdebemos ver las coincidencias, pues vamos por el carro completo, a recuperar los municipios\u201d.<\/p>\n\n\n\n<p class=\"wp-block-paragraph\">La presidenta estatal del Tricolor acept\u00f3 que les espera una campa\u00f1a muy distinta, a causa de la pandemia, m\u00e1s de estructuras, sin eventos masivos ni grandes recorridos. Con mucha presencia en redes sociales y con conferencias por zoom.<\/p>\n\n\n\n<p class=\"wp-block-paragraph\">\u201cHabr\u00e1 reuniones, pero de cinco o seis personas\u201d, mencion\u00f3.<\/p>\n\n\n\n<h3 class=\"wp-block-heading\"><strong>Magaly Achach se encuentra estable<\/strong><\/h3>\n\n\n\n<p class=\"wp-block-paragraph\">Por otro lado, la priista confirm\u00f3 que su madre, la ex presidenta municipal Magaly Achach, ya se encuentra estable de salud. En d\u00edas pasados ya recibi\u00f3 el alta y ahora descansa en su casa, donde contin\u00faa su tratamiento.<\/p>\n\n\n\n<p class=\"wp-block-paragraph\">La ex edil estuvo muy grave, debiendo someterse a un procedimiento m\u00e9dico, en la cl\u00ednica Galenia.<\/p>\n\n\n\n<p class=\"wp-block-paragraph\">Candy Ayuso dio las gracias a quienes mantuvieron a su madre en sus oraciones, e incluso acudieron a donar sangre.<\/p>\n\n\n\n<p class=\"wp-block-paragraph\"><strong>Fuente:<\/strong> Noticaribe<\/p>\n","protected":false},"excerpt":{"rendered":"<p>CANC\u00daN, MX.-&nbsp;La dirigente estatal del Partido Revolucionario Institucional (PRI) neg\u00f3 que le est\u00e1n \u201chaciendo el caldo gordo\u201d a Morena al ir por separado en Benito Ju\u00e1rez, en lugar de apoyar a sus aliados del PAN, PRD y Confianza, pues indic\u00f3 que cuentan con las cifras para dar batalla. Candelaria Ayuso Achach&nbsp;defendi\u00f3 que las cifras de [&hellip;]<\/p>\n","protected":false},"author":2,"featured_media":86825,"comment_status":"open","ping_status":"open","sticky":false,"template":"","format":"standard","meta":{"footnotes":""},"categories":[61],"tags":[],"class_list":["post-86824","post","type-post","status-publish","format-standard","has-post-thumbnail","hentry","category-politica"],"_links":{"self":[{"href":"http:\/\/elcuartopoder.com.mx\/nw\/wp-json\/wp\/v2\/posts\/86824","targetHints":{"allow":["GET"]}}],"collection":[{"href":"http:\/\/elcuartopoder.com.mx\/nw\/wp-json\/wp\/v2\/posts"}],"about":[{"href":"http:\/\/elcuartopoder.com.mx\/nw\/wp-json\/wp\/v2\/types\/post"}],"author":[{"embeddable":true,"href":"http:\/\/elcuartopoder.com.mx\/nw\/wp-json\/wp\/v2\/users\/2"}],"replies":[{"embeddable":true,"href":"http:\/\/elcuartopoder.com.mx\/nw\/wp-json\/wp\/v2\/comments?post=86824"}],"version-history":[{"count":1,"href":"http:\/\/elcuartopoder.com.mx\/nw\/wp-json\/wp\/v2\/posts\/86824\/revisions"}],"predecessor-version":[{"id":86826,"href":"http:\/\/elcuartopoder.com.mx\/nw\/wp-json\/wp\/v2\/posts\/86824\/revisions\/86826"}],"wp:featuredmedia":[{"embeddable":true,"href":"http:\/\/elcuartopoder.com.mx\/nw\/wp-json\/wp\/v2\/media\/86825"}],"wp:attachment":[{"href":"http:\/\/elcuartopoder.com.mx\/nw\/wp-json\/wp\/v2\/media?parent=86824"}],"wp:term":[{"taxonomy":"category","embeddable":true,"href":"http:\/\/elcuartopoder.com.mx\/nw\/wp-json\/wp\/v2\/categories?post=86824"},{"taxonomy":"post_tag","embeddable":true,"href":"http:\/\/elcuartopoder.com.mx\/nw\/wp-json\/wp\/v2\/tags?post=86824"}],"curies":[{"name":"wp","href":"https:\/\/api.w.org\/{rel}","templated":true}]}}