{"id":86830,"date":"2021-01-16T12:41:21","date_gmt":"2021-01-16T17:41:21","guid":{"rendered":"http:\/\/elcuartopoder.com.mx\/nw\/?p=86830"},"modified":"2021-01-16T12:41:22","modified_gmt":"2021-01-16T17:41:22","slug":"ine-aprueba-acuerdo-en-el-que-insta-a-amlo-a-ser-neutral-en-opiniones-de-partidos-en-las-mananeras","status":"publish","type":"post","link":"http:\/\/elcuartopoder.com.mx\/nw\/nacionales\/ine-aprueba-acuerdo-en-el-que-insta-a-amlo-a-ser-neutral-en-opiniones-de-partidos-en-las-mananeras\/","title":{"rendered":"INE aprueba acuerdo en el que insta a AMLO a ser neutral en opiniones de partidos en las &#8216;ma\u00f1aneras&#8217;"},"content":{"rendered":"\n<p class=\"wp-block-paragraph\">El Instituto Nacional Electoral (INE) aprob\u00f3 este viernes un acuerdo en el cual ordena al presidente Andr\u00e9s Manuel L\u00f3pez Obrador ser neutral en sus opiniones emitidas en las conferencias &#8216;ma\u00f1aneras&#8217; respecto a actores pol\u00edticos.<\/p>\n\n\n\n<p class=\"wp-block-paragraph\">\u00abEl proyecto a nuestra consideraci\u00f3n propone que el presidente y en extensi\u00f3n el conjunto de servidores p\u00fablicos que tienen el deber de neutralidad eviten formular posicionamientos, expresiones y valoraciones que puedan ser favorables o adversas respecto a cualquier actor pol\u00edtico electoral, tanto en el \u00e1mbito federal como local\u00bb, detall\u00f3 Ciro Murayama, consejero del INE, al presentar su posicionamiento sobre este tema.<\/p>\n\n\n\n<p class=\"wp-block-paragraph\">El acuerdo fue aprobado con el voto de 9 de los 11 consejeros del INE.<\/p>\n\n\n\n<p class=\"wp-block-paragraph\">\u00bfDe qu\u00e9 cosas deben abstenerse el presidente de M\u00e9xico y servidores p\u00fablicos en las conferencias de prensa? Atenci\u00f3n con la siguiente lista:<\/p>\n\n\n\n<p class=\"wp-block-paragraph\">No pueden abordar temas relacionados con el ejercicio de las prerrogativas de los partidos pol\u00edticos; financiamiento p\u00fablico y acceso a radio y televisi\u00f3n; vida interna de los partidos nacionales y locales; candidaturas de partidos; cargos de elecci\u00f3n federal y local; etapas del proceso electoral; frentes, coaliciones, alianzas; plataformas electorales, campa\u00f1as, estrategias electorales de cualquier fuerza pol\u00edtica; y encuestas de intenci\u00f3n de voto.<\/p>\n\n\n\n<p class=\"wp-block-paragraph\">\u00abSe tratan de par\u00e1metros claros, objetivos, f\u00e1cilmente cumplibles\u00bb, agreg\u00f3 Murayama, y recalc\u00f3 que este acuerdo es diferente al\u00a0tema de la transmisi\u00f3n \u00edntegra de las ma\u00f1aneras en \u00e9poca de campa\u00f1as electorales.<\/p>\n\n\n\n<p class=\"wp-block-paragraph\"><strong>Fuente:<\/strong> elfinanciero<\/p>\n","protected":false},"excerpt":{"rendered":"<p>El Instituto Nacional Electoral (INE) aprob\u00f3 este viernes un acuerdo en el cual ordena al presidente Andr\u00e9s Manuel L\u00f3pez Obrador ser neutral en sus opiniones emitidas en las conferencias &#8216;ma\u00f1aneras&#8217; respecto a actores pol\u00edticos. \u00abEl proyecto a nuestra consideraci\u00f3n propone que el presidente y en extensi\u00f3n el conjunto de servidores p\u00fablicos que tienen el deber [&hellip;]<\/p>\n","protected":false},"author":2,"featured_media":86831,"comment_status":"open","ping_status":"open","sticky":false,"template":"","format":"standard","meta":{"footnotes":""},"categories":[55],"tags":[],"class_list":["post-86830","post","type-post","status-publish","format-standard","has-post-thumbnail","hentry","category-nacionales"],"_links":{"self":[{"href":"http:\/\/elcuartopoder.com.mx\/nw\/wp-json\/wp\/v2\/posts\/86830","targetHints":{"allow":["GET"]}}],"collection":[{"href":"http:\/\/elcuartopoder.com.mx\/nw\/wp-json\/wp\/v2\/posts"}],"about":[{"href":"http:\/\/elcuartopoder.com.mx\/nw\/wp-json\/wp\/v2\/types\/post"}],"author":[{"embeddable":true,"href":"http:\/\/elcuartopoder.com.mx\/nw\/wp-json\/wp\/v2\/users\/2"}],"replies":[{"embeddable":true,"href":"http:\/\/elcuartopoder.com.mx\/nw\/wp-json\/wp\/v2\/comments?post=86830"}],"version-history":[{"count":1,"href":"http:\/\/elcuartopoder.com.mx\/nw\/wp-json\/wp\/v2\/posts\/86830\/revisions"}],"predecessor-version":[{"id":86832,"href":"http:\/\/elcuartopoder.com.mx\/nw\/wp-json\/wp\/v2\/posts\/86830\/revisions\/86832"}],"wp:featuredmedia":[{"embeddable":true,"href":"http:\/\/elcuartopoder.com.mx\/nw\/wp-json\/wp\/v2\/media\/86831"}],"wp:attachment":[{"href":"http:\/\/elcuartopoder.com.mx\/nw\/wp-json\/wp\/v2\/media?parent=86830"}],"wp:term":[{"taxonomy":"category","embeddable":true,"href":"http:\/\/elcuartopoder.com.mx\/nw\/wp-json\/wp\/v2\/categories?post=86830"},{"taxonomy":"post_tag","embeddable":true,"href":"http:\/\/elcuartopoder.com.mx\/nw\/wp-json\/wp\/v2\/tags?post=86830"}],"curies":[{"name":"wp","href":"https:\/\/api.w.org\/{rel}","templated":true}]}}