{"id":86839,"date":"2021-01-16T12:58:45","date_gmt":"2021-01-16T17:58:45","guid":{"rendered":"http:\/\/elcuartopoder.com.mx\/nw\/?p=86839"},"modified":"2021-01-16T12:58:46","modified_gmt":"2021-01-16T17:58:46","slug":"aumento-de-casos-de-covid-es-por-conducta-humana-y-no-solo-por-nuevas-variantes-oms","status":"publish","type":"post","link":"http:\/\/elcuartopoder.com.mx\/nw\/qtp\/aumento-de-casos-de-covid-es-por-conducta-humana-y-no-solo-por-nuevas-variantes-oms\/","title":{"rendered":"Aumento de casos de COVID es por conducta humana y no solo por nuevas variantes: OMS"},"content":{"rendered":"\n<p class=\"wp-block-paragraph\">La&nbsp;<strong>conducta humana es la responsable de algunos aumentos recientes en los casos de COVID-19<\/strong>,&nbsp;<strong>no solo las nuevas variantes del coronavirus<\/strong>, cuyo impacto en lugares como Reino Unido, Sud\u00e1frica y Brasil a\u00fan est\u00e1 por conocerse, afirm\u00f3 este viernes Michael Ryan, titular del Comit\u00e9 de Emergencias de la Organizaci\u00f3n Mundial de la Salud (OMS).<\/p>\n\n\n\n<p class=\"wp-block-paragraph\">\u201cEs muy f\u00e1cil culpar a la variante y decir: \u2018el virus lo hizo\u2019\u00bb, declar\u00f3 el doctor Ryan a la prensa. \u201cBueno,&nbsp;<strong>por desgracia, tambi\u00e9n es responsable lo que dejamos de hacer<\/strong>\u201d.<\/p>\n\n\n\n<p class=\"wp-block-paragraph\">Sus palabras fueron una alusi\u00f3n a las festividades de fin de a\u00f1o y otros contactos sociales, as\u00ed como a la falta de disciplina en el distanciamiento social, la higiene regular de manos y el uso de mascarillas.<\/p>\n\n\n\n<p class=\"wp-block-paragraph\">Tambi\u00e9n este viernes, el Comit\u00e9 de Emergencias de la OMS emiti\u00f3 nuevas recomendaciones para que los pa\u00edses no exijan a los viajeros que llegan demostrar que est\u00e1n vacunados contra el COVID-19, y se\u00f1al\u00f3 que las decisiones sobre los viajes internacionales deben ser coordinadas, de tiempo limitado y estar sustentadas tanto en los riesgos como en la ciencia.<\/p>\n\n\n\n<p class=\"wp-block-paragraph\">\u201cSi ves la recomendaci\u00f3n hecha por el comit\u00e9 sobre la vacunaci\u00f3n de los viajeros, dice &#8216;de momento\u2019\u201d, se\u00f1al\u00f3 Ryan. Agreg\u00f3 que las recomendaciones de este tipo subrayan que las vacunas todav\u00eda no son de aplicaci\u00f3n generalizada y contin\u00faa sin saberse si impiden la transmisi\u00f3n entre las personas.<\/p>\n\n\n\n<p class=\"wp-block-paragraph\">El comit\u00e9 emiti\u00f3 la recomendaci\u00f3n al cabo de su primera reuni\u00f3n en tres meses. Para sorpresa de pocos,&nbsp;<strong>el panel coincidi\u00f3 en que la pandemia sigue siendo una emergencia sanitaria global<\/strong>, casi un a\u00f1o despu\u00e9s de que la declarara con ese car\u00e1cter.<\/p>\n\n\n\n<p class=\"wp-block-paragraph\">Diversos pa\u00edses tratan de dilucidar c\u00f3mo combatir las nuevas variantes que han avivado los temores sobre una aceleraci\u00f3n de los contagios y que obligaron a imponer nuevos confinamientos y restringir actividades en lugares fuertemente afectados, como Europa.<\/p>\n\n\n\n<p class=\"wp-block-paragraph\">El Gobierno brit\u00e1nico ha prohibido las llegadas de personas procedentes de Am\u00e9rica del Sur y Portugal -principal puerto de llegada de los vuelos de Brasil-, con el fin de impedir que la variante en Brasil alcance Reino Unido y d\u00e9 al traste a su programa de vacunaci\u00f3n.<\/p>\n\n\n\n<p class=\"wp-block-paragraph\">El comit\u00e9 dijo que alentar\u00e1 a los Estados a que \u201cpongan en marcha propuestas coordinadas, de tiempo limitado y basadas en pruebas cuando adopten medidas sanitarias relacionadas con los viajes internacionales\u201d.<\/p>\n\n\n\n<p class=\"wp-block-paragraph\">Tambi\u00e9n\u00a0<strong>exhort\u00f3 a los fabricantes de vacunas a que mejoren la disponibilidad de informaci\u00f3n de sus productos a la OMS<\/strong>, y se\u00f1al\u00f3 que una demora en este aspecto puede afectarle su capacidad para proveer una catalogaci\u00f3n de emergencia que podr\u00eda permitir un \u201cacceso equitativo a las vacunas\u201d.<\/p>\n\n\n\n<p class=\"wp-block-paragraph\"><strong>Fuente: <\/strong>elfinanciero<\/p>\n","protected":false},"excerpt":{"rendered":"<p>La&nbsp;conducta humana es la responsable de algunos aumentos recientes en los casos de COVID-19,&nbsp;no solo las nuevas variantes del coronavirus, cuyo impacto en lugares como Reino Unido, Sud\u00e1frica y Brasil a\u00fan est\u00e1 por conocerse, afirm\u00f3 este viernes Michael Ryan, titular del Comit\u00e9 de Emergencias de la Organizaci\u00f3n Mundial de la Salud (OMS). \u201cEs muy f\u00e1cil [&hellip;]<\/p>\n","protected":false},"author":2,"featured_media":86840,"comment_status":"open","ping_status":"open","sticky":false,"template":"","format":"standard","meta":{"footnotes":""},"categories":[58],"tags":[],"class_list":["post-86839","post","type-post","status-publish","format-standard","has-post-thumbnail","hentry","category-qtp"],"_links":{"self":[{"href":"http:\/\/elcuartopoder.com.mx\/nw\/wp-json\/wp\/v2\/posts\/86839","targetHints":{"allow":["GET"]}}],"collection":[{"href":"http:\/\/elcuartopoder.com.mx\/nw\/wp-json\/wp\/v2\/posts"}],"about":[{"href":"http:\/\/elcuartopoder.com.mx\/nw\/wp-json\/wp\/v2\/types\/post"}],"author":[{"embeddable":true,"href":"http:\/\/elcuartopoder.com.mx\/nw\/wp-json\/wp\/v2\/users\/2"}],"replies":[{"embeddable":true,"href":"http:\/\/elcuartopoder.com.mx\/nw\/wp-json\/wp\/v2\/comments?post=86839"}],"version-history":[{"count":1,"href":"http:\/\/elcuartopoder.com.mx\/nw\/wp-json\/wp\/v2\/posts\/86839\/revisions"}],"predecessor-version":[{"id":86841,"href":"http:\/\/elcuartopoder.com.mx\/nw\/wp-json\/wp\/v2\/posts\/86839\/revisions\/86841"}],"wp:featuredmedia":[{"embeddable":true,"href":"http:\/\/elcuartopoder.com.mx\/nw\/wp-json\/wp\/v2\/media\/86840"}],"wp:attachment":[{"href":"http:\/\/elcuartopoder.com.mx\/nw\/wp-json\/wp\/v2\/media?parent=86839"}],"wp:term":[{"taxonomy":"category","embeddable":true,"href":"http:\/\/elcuartopoder.com.mx\/nw\/wp-json\/wp\/v2\/categories?post=86839"},{"taxonomy":"post_tag","embeddable":true,"href":"http:\/\/elcuartopoder.com.mx\/nw\/wp-json\/wp\/v2\/tags?post=86839"}],"curies":[{"name":"wp","href":"https:\/\/api.w.org\/{rel}","templated":true}]}}