{"id":86950,"date":"2021-01-20T10:15:23","date_gmt":"2021-01-20T15:15:23","guid":{"rendered":"http:\/\/elcuartopoder.com.mx\/nw\/?p=86950"},"modified":"2021-01-20T10:15:24","modified_gmt":"2021-01-20T15:15:24","slug":"capturan-a-hombre-israeli-en-la-region-231-de-cancun-llevaba-droga-y-dinero-en-efectivo","status":"publish","type":"post","link":"http:\/\/elcuartopoder.com.mx\/nw\/policiacas\/capturan-a-hombre-israeli-en-la-region-231-de-cancun-llevaba-droga-y-dinero-en-efectivo\/","title":{"rendered":"Capturan a hombre Israel\u00ed en la regi\u00f3n 231 de Canc\u00fan; llevaba droga y dinero en efectivo"},"content":{"rendered":"\n<p>Canc\u00fan.- Elementos de la Polic\u00eda de Quintana Roo detuvieron esta ma\u00f1ana a un extranjero de nacionalidad israel\u00ed de nombre Tom \u2018N\u2019, porque al realizarle una revisi\u00f3n le hallaron dosis de crack, coca\u00edna y marihuana, adem\u00e1s de dinero en efectivo y tel\u00e9fonos celulares.<\/p>\n\n\n\n<p>Elementos realizaron esta detenci\u00f3n por probable participaci\u00f3n en delitos contra la salud, pues llevaba m\u00e1s de seis mil pesos en efectivo, posible producto de la venta de estupefacientes.<\/p>\n\n\n\n<p>Por lo que de inmediato fue detenido y remitido al Ministerio P\u00fablico para el deslinde de responsabilidades. Este hecho sucedi\u00f3 en la regi\u00f3n 231 de Canc\u00fan sobre la avenida Leona Vicario. Cabe destacar que polic\u00edas dar\u00e1n aviso al Instituto Nacional de Migraci\u00f3n para confirmar si el individuo se encuentra de manera legal dentro del pa\u00eds.<\/p>\n\n\n\n<p><strong>Fuente:<\/strong> marcrixnoticias<\/p>\n\n\n\n<p><br><\/p>\n","protected":false},"excerpt":{"rendered":"<p>Canc\u00fan.- Elementos de la Polic\u00eda de Quintana Roo detuvieron esta ma\u00f1ana a un extranjero de nacionalidad israel\u00ed de nombre Tom \u2018N\u2019, porque al realizarle una revisi\u00f3n le hallaron dosis de crack, coca\u00edna y marihuana, adem\u00e1s de dinero en efectivo y tel\u00e9fonos celulares. Elementos realizaron esta detenci\u00f3n por probable participaci\u00f3n en delitos contra la salud, pues [&hellip;]<\/p>\n","protected":false},"author":2,"featured_media":86951,"comment_status":"open","ping_status":"open","sticky":false,"template":"","format":"standard","meta":{"footnotes":""},"categories":[23],"tags":[],"class_list":["post-86950","post","type-post","status-publish","format-standard","has-post-thumbnail","hentry","category-policiacas"],"_links":{"self":[{"href":"http:\/\/elcuartopoder.com.mx\/nw\/wp-json\/wp\/v2\/posts\/86950","targetHints":{"allow":["GET"]}}],"collection":[{"href":"http:\/\/elcuartopoder.com.mx\/nw\/wp-json\/wp\/v2\/posts"}],"about":[{"href":"http:\/\/elcuartopoder.com.mx\/nw\/wp-json\/wp\/v2\/types\/post"}],"author":[{"embeddable":true,"href":"http:\/\/elcuartopoder.com.mx\/nw\/wp-json\/wp\/v2\/users\/2"}],"replies":[{"embeddable":true,"href":"http:\/\/elcuartopoder.com.mx\/nw\/wp-json\/wp\/v2\/comments?post=86950"}],"version-history":[{"count":1,"href":"http:\/\/elcuartopoder.com.mx\/nw\/wp-json\/wp\/v2\/posts\/86950\/revisions"}],"predecessor-version":[{"id":86952,"href":"http:\/\/elcuartopoder.com.mx\/nw\/wp-json\/wp\/v2\/posts\/86950\/revisions\/86952"}],"wp:featuredmedia":[{"embeddable":true,"href":"http:\/\/elcuartopoder.com.mx\/nw\/wp-json\/wp\/v2\/media\/86951"}],"wp:attachment":[{"href":"http:\/\/elcuartopoder.com.mx\/nw\/wp-json\/wp\/v2\/media?parent=86950"}],"wp:term":[{"taxonomy":"category","embeddable":true,"href":"http:\/\/elcuartopoder.com.mx\/nw\/wp-json\/wp\/v2\/categories?post=86950"},{"taxonomy":"post_tag","embeddable":true,"href":"http:\/\/elcuartopoder.com.mx\/nw\/wp-json\/wp\/v2\/tags?post=86950"}],"curies":[{"name":"wp","href":"https:\/\/api.w.org\/{rel}","templated":true}]}}