{"id":86956,"date":"2021-01-20T10:20:11","date_gmt":"2021-01-20T15:20:11","guid":{"rendered":"http:\/\/elcuartopoder.com.mx\/nw\/?p=86956"},"modified":"2021-01-20T10:20:12","modified_gmt":"2021-01-20T15:20:12","slug":"envenenamiento-masivo-de-perros-y-gatos-en-colonia-de-chetumal","status":"publish","type":"post","link":"http:\/\/elcuartopoder.com.mx\/nw\/municipales\/envenenamiento-masivo-de-perros-y-gatos-en-colonia-de-chetumal\/","title":{"rendered":"Envenenamiento masivo de perros y gatos en colonia de Chetumal"},"content":{"rendered":"\n<p>Chetumal.- \u00c9sta ma\u00f1ana vecinos de la colonia Fidel Vel\u00e1zquez en la capital del estado denunciaron que en varias calles estaban encontrando perros y gatos muertos, todos con v\u00f3mito y espuma en la boca, sobre todo en la calle Tela entre Tuc\u00e1n y Fais\u00e1n. <\/p>\n\n\n\n<p>Sospechan que un vecino malintencionado reg\u00f3 veneno en las banquetas para que estos animalitos lo comieran y perdieran la vida con el prop\u00f3sito de disminuir la fauna callejera en la regi\u00f3n. <\/p>\n\n\n\n<p>Sin embargo, dieron a conocer que algunas de las mascotas eran de casa y no de calle, por lo que piden la intervenci\u00f3n de las autoridades para que proceda la denuncia apelando a la Ley de Protecci\u00f3n Animal y deslindar responsabilidades a quien resulte culpable.<\/p>\n\n\n\n<p><strong>Fuente:<\/strong> marcrixnoticias<\/p>\n","protected":false},"excerpt":{"rendered":"<p>Chetumal.- \u00c9sta ma\u00f1ana vecinos de la colonia Fidel Vel\u00e1zquez en la capital del estado denunciaron que en varias calles estaban encontrando perros y gatos muertos, todos con v\u00f3mito y espuma en la boca, sobre todo en la calle Tela entre Tuc\u00e1n y Fais\u00e1n. Sospechan que un vecino malintencionado reg\u00f3 veneno en las banquetas para que [&hellip;]<\/p>\n","protected":false},"author":2,"featured_media":86957,"comment_status":"open","ping_status":"open","sticky":false,"template":"","format":"standard","meta":{"footnotes":""},"categories":[6],"tags":[],"class_list":["post-86956","post","type-post","status-publish","format-standard","has-post-thumbnail","hentry","category-municipales"],"_links":{"self":[{"href":"http:\/\/elcuartopoder.com.mx\/nw\/wp-json\/wp\/v2\/posts\/86956","targetHints":{"allow":["GET"]}}],"collection":[{"href":"http:\/\/elcuartopoder.com.mx\/nw\/wp-json\/wp\/v2\/posts"}],"about":[{"href":"http:\/\/elcuartopoder.com.mx\/nw\/wp-json\/wp\/v2\/types\/post"}],"author":[{"embeddable":true,"href":"http:\/\/elcuartopoder.com.mx\/nw\/wp-json\/wp\/v2\/users\/2"}],"replies":[{"embeddable":true,"href":"http:\/\/elcuartopoder.com.mx\/nw\/wp-json\/wp\/v2\/comments?post=86956"}],"version-history":[{"count":1,"href":"http:\/\/elcuartopoder.com.mx\/nw\/wp-json\/wp\/v2\/posts\/86956\/revisions"}],"predecessor-version":[{"id":86958,"href":"http:\/\/elcuartopoder.com.mx\/nw\/wp-json\/wp\/v2\/posts\/86956\/revisions\/86958"}],"wp:featuredmedia":[{"embeddable":true,"href":"http:\/\/elcuartopoder.com.mx\/nw\/wp-json\/wp\/v2\/media\/86957"}],"wp:attachment":[{"href":"http:\/\/elcuartopoder.com.mx\/nw\/wp-json\/wp\/v2\/media?parent=86956"}],"wp:term":[{"taxonomy":"category","embeddable":true,"href":"http:\/\/elcuartopoder.com.mx\/nw\/wp-json\/wp\/v2\/categories?post=86956"},{"taxonomy":"post_tag","embeddable":true,"href":"http:\/\/elcuartopoder.com.mx\/nw\/wp-json\/wp\/v2\/tags?post=86956"}],"curies":[{"name":"wp","href":"https:\/\/api.w.org\/{rel}","templated":true}]}}