{"id":86959,"date":"2021-01-20T10:22:23","date_gmt":"2021-01-20T15:22:23","guid":{"rendered":"http:\/\/elcuartopoder.com.mx\/nw\/?p=86959"},"modified":"2021-01-20T10:22:24","modified_gmt":"2021-01-20T15:22:24","slug":"frank-lopez-a-subsecretaria-de-enlace-interinstitucional-en-quintana-roo","status":"publish","type":"post","link":"http:\/\/elcuartopoder.com.mx\/nw\/varios\/frank-lopez-a-subsecretaria-de-enlace-interinstitucional-en-quintana-roo\/","title":{"rendered":"Frank L\u00f3pez, a Subsecretar\u00eda de Enlace Interinstitucional en Quintana Roo"},"content":{"rendered":"\n<p><strong>Chetumal.-<\/strong>&nbsp;Por instrucciones del gobernador Carlos Joaqu\u00edn, el secretario de Gobierno, Jorge Arturo Contreras Castillo, nombr\u00f3 como Subsecretario de Enlace Interinstitucional a Francisco L\u00f3pez Reyes en sustituci\u00f3n de Francisco Rello Aguilar.<\/p>\n\n\n\n<p>El Secretario de Gobierno, reconoci\u00f3 la labor desempe\u00f1ada por Francisco Rello Aguilar, a quien dese\u00f3 \u00e9xito en los proyectos personales que emprender\u00e1 en breve.<\/p>\n\n\n\n<p>Al mismo tiempo, dio la bienvenida a Francisco L\u00f3pez Reyes, de quien anticip\u00f3 cumplir\u00e1 con creces esta nueva encomienda dentro de la administraci\u00f3n p\u00fablica.<\/p>\n\n\n\n<p>El ahora Subsecretario de Enlace Interinstitucional es Licenciado en Derecho por la Universidad Lasalle de Canc\u00fan y cuenta con estudios en Ciencias Pol\u00edticas y Administraci\u00f3n P\u00fablica en el Instituto Tecnol\u00f3gico de Monterrey.<\/p>\n\n\n\n<p>Adem\u00e1s, ha participado en diversos diplomados y talleres internacionales de capacitaci\u00f3n organizados por instituciones de Espa\u00f1a y Chile.<\/p>\n\n\n\n<p>En la administraci\u00f3n p\u00fablica se ha desempe\u00f1ado como Director de Turismo del Ayuntamiento de Benito Ju\u00e1rez, adem\u00e1s de desempe\u00f1arse como Enlace Legislativo y Director de Proyectos de Inversi\u00f3n en la Secretar\u00eda de Turismo de Quintana Roo.<\/p>\n\n\n\n<figure class=\"wp-block-image\"><img decoding=\"async\" src=\"https:\/\/www.marcrixnoticias.com\/wp-content\/uploads\/2021\/01\/Frank-L%C3%B3pez2-1.jpg\" alt=\"\" class=\"wp-image-389247\"\/><\/figure>\n\n\n\n<p><strong>Fuente:<\/strong>&nbsp;marcrixnoticias<br><\/p>\n","protected":false},"excerpt":{"rendered":"<p>Chetumal.-&nbsp;Por instrucciones del gobernador Carlos Joaqu\u00edn, el secretario de Gobierno, Jorge Arturo Contreras Castillo, nombr\u00f3 como Subsecretario de Enlace Interinstitucional a Francisco L\u00f3pez Reyes en sustituci\u00f3n de Francisco Rello Aguilar. El Secretario de Gobierno, reconoci\u00f3 la labor desempe\u00f1ada por Francisco Rello Aguilar, a quien dese\u00f3 \u00e9xito en los proyectos personales que emprender\u00e1 en breve. Al [&hellip;]<\/p>\n","protected":false},"author":2,"featured_media":86960,"comment_status":"open","ping_status":"open","sticky":false,"template":"","format":"standard","meta":{"footnotes":""},"categories":[64],"tags":[],"class_list":["post-86959","post","type-post","status-publish","format-standard","has-post-thumbnail","hentry","category-varios"],"_links":{"self":[{"href":"http:\/\/elcuartopoder.com.mx\/nw\/wp-json\/wp\/v2\/posts\/86959","targetHints":{"allow":["GET"]}}],"collection":[{"href":"http:\/\/elcuartopoder.com.mx\/nw\/wp-json\/wp\/v2\/posts"}],"about":[{"href":"http:\/\/elcuartopoder.com.mx\/nw\/wp-json\/wp\/v2\/types\/post"}],"author":[{"embeddable":true,"href":"http:\/\/elcuartopoder.com.mx\/nw\/wp-json\/wp\/v2\/users\/2"}],"replies":[{"embeddable":true,"href":"http:\/\/elcuartopoder.com.mx\/nw\/wp-json\/wp\/v2\/comments?post=86959"}],"version-history":[{"count":1,"href":"http:\/\/elcuartopoder.com.mx\/nw\/wp-json\/wp\/v2\/posts\/86959\/revisions"}],"predecessor-version":[{"id":86961,"href":"http:\/\/elcuartopoder.com.mx\/nw\/wp-json\/wp\/v2\/posts\/86959\/revisions\/86961"}],"wp:featuredmedia":[{"embeddable":true,"href":"http:\/\/elcuartopoder.com.mx\/nw\/wp-json\/wp\/v2\/media\/86960"}],"wp:attachment":[{"href":"http:\/\/elcuartopoder.com.mx\/nw\/wp-json\/wp\/v2\/media?parent=86959"}],"wp:term":[{"taxonomy":"category","embeddable":true,"href":"http:\/\/elcuartopoder.com.mx\/nw\/wp-json\/wp\/v2\/categories?post=86959"},{"taxonomy":"post_tag","embeddable":true,"href":"http:\/\/elcuartopoder.com.mx\/nw\/wp-json\/wp\/v2\/tags?post=86959"}],"curies":[{"name":"wp","href":"https:\/\/api.w.org\/{rel}","templated":true}]}}