{"id":86962,"date":"2021-01-20T10:24:43","date_gmt":"2021-01-20T15:24:43","guid":{"rendered":"http:\/\/elcuartopoder.com.mx\/nw\/?p=86962"},"modified":"2021-01-20T10:24:44","modified_gmt":"2021-01-20T15:24:44","slug":"mario-delgado-aseguro-que-anaya-no-tendra-exito-en-sus-aspiraciones-politicas","status":"publish","type":"post","link":"http:\/\/elcuartopoder.com.mx\/nw\/politica\/mario-delgado-aseguro-que-anaya-no-tendra-exito-en-sus-aspiraciones-politicas\/","title":{"rendered":"Mario Delgado asegur\u00f3 que Anaya no tendr\u00e1 \u00e9xito en sus aspiraciones pol\u00edticas"},"content":{"rendered":"\n<p><strong>Mario Delgado Carrillo<\/strong>, dirigente nacional de Movimiento de Regeneraci\u00f3n Nacional (<strong>Morena<\/strong>), asegur\u00f3 que a\u00a0<strong>Ricardo Anaya Cort\u00e9s<\/strong>, excandidato presidencial por el Partido Acci\u00f3n Nacional (PAN),\u00a0<strong>no tendr\u00e1 \u00e9xito en sus aspiraciones pol\u00edticas en 2024<\/strong>, pues se\u00f1al\u00f3 que\u00a0<strong>\u201cel pueblo de M\u00e9xico ya despert\u00f3\u201d<\/strong>.Yo no s\u00e9 si se vendr\u00e1 hoy a M\u00e9xico o si sigue en Atlanta, pero el pueblo de M\u00e9xico ya cambi\u00f3, ya despert\u00f3, y no creo que le vaya a ir muy bien. El pueblo de M\u00e9xico quiere que siga la transformaci\u00f3n.<\/p>\n\n\n\n<p>Durante la presentaci\u00f3n de otro&nbsp;<em>spot&nbsp;<\/em>de campa\u00f1a, el morenista acus\u00f3 que Anaya Cort\u00e9s rechaz\u00f3 ocupar una diputaci\u00f3n plurinominal del partido blanquiazul porque<strong>&nbsp;\u201cya no hay moches\u201d<\/strong>&nbsp;en la C\u00e1mara baja.<\/p>\n\n\n\n<p>\u201cNo s\u00e9 si ya se enter\u00f3, pero hab\u00eda que informarle que<strong>&nbsp;los moches ya no existen en la C\u00e1mara de Diputados.<\/strong>&nbsp;\u00c9l fue uno de los&nbsp;<strong>promotores de la pr\u00e1ctica del moche<\/strong>, yo creo que esa es la verdadera raz\u00f3n por la cual&nbsp;<strong>ya no quiere participar como diputado<\/strong>. Es decir, si ya no hay moches, para qu\u00e9 quieres ser diputado\u201d, asever\u00f3 el exlegislador.<\/p>\n\n\n\n<p>Y es que, a trav\u00e9s de un video publicado en redes sociales,&nbsp;<strong>Ricardo Anaya declin\u00f3 la invitaci\u00f3n del PAN a una diputaci\u00f3n plurinominal&nbsp;<\/strong>de cara a las pr\u00f3ximas elecciones del 6 de junio.<\/p>\n\n\n\n<p>\u201cAgradezco la invitaci\u00f3n para ser diputado plurinominal, pero creo que mi papel debe ser otro para ayudar.&nbsp;<strong>Apoyar\u00e9 las campa\u00f1as de este a\u00f1o<\/strong>&nbsp;y quiero volver a recorrer todo M\u00e9xico para escuchar a la gente y&nbsp;<strong>concentrarme en la elecci\u00f3n presidencial de 2024<\/strong>. \u00a1Vendr\u00e1n tiempos mejores!\u201d, expres\u00f3 el ex candidato presidencial.<\/p>\n\n\n\n<p>De acuerdo con Anaya,&nbsp;<strong>las elecciones presidenciales de 2024 ser\u00e1n \u201ccruciales\u201d<\/strong>&nbsp;y es ah\u00ed donde enfocar\u00e1 su atenci\u00f3n, para lo cual recorrer\u00e1 el pa\u00eds.<\/p>\n\n\n\n<p>Una de las razones para rechazar el banquillo en la C\u00e1mara de Diputados es&nbsp;<strong>continuar visitando todos los municipios del territorio nacional<\/strong>, indic\u00f3 el excandidato a la presidencia de M\u00e9xico.<\/p>\n\n\n\n<figure class=\"wp-block-image\"><img decoding=\"async\" src=\"https:\/\/www.infobae.com\/new-resizer\/IW8NqIIJM0kM3edZq0wovp1jZ_g=\/420x236\/filters:format(jpg):quality(85)\/\/cloudfront-us-east-1.images.arcpublishing.com\/infobae\/56DTY26RY5BQBNAUCLGRPK7324.jpg\" alt=\"Ricardo Anaya declin\u00f3 la invitaci\u00f3n del PAN a una diputaci\u00f3n plurinominal de cara a las pr\u00f3ximas elecciones del 6 de junio (Foto: Europa Press)\"\/><figcaption><strong>Ricardo Anaya declin\u00f3 la invitaci\u00f3n del PAN a una diputaci\u00f3n plurinominal de cara a las pr\u00f3ximas elecciones del 6 de junio (Foto: Europa Press)<\/strong><\/figcaption><\/figure>\n\n\n\n<p>Por otro lado, hizo \u00e9nfasis en que apoyar\u00e1 a las y los integrantes del partido al que pertenece.&nbsp;<strong>\u201cUrge un contrapeso real en el Congreso\u201d.<\/strong><\/p>\n\n\n\n<p>Ricardo Anaya tambi\u00e9n se lanz\u00f3 contra el partido del presidente L\u00f3pez Obrador, asegurando que&nbsp;<strong>\u201cOtros 6 a\u00f1os con un gobierno de Morena, terminar\u00eda por destruir a M\u00e9xico [\u2026] Eso no lo podemos permitir\u201d<\/strong>.<\/p>\n\n\n\n<p>Por su parte, Mario Delgado no perdi\u00f3 oportunidad para \u201crecordar\u201d a los ciudadanos que la alianza encabezada por los partidos&nbsp;<strong>PRI, PAN y PRD<\/strong>&nbsp;es una uni\u00f3n ya anunciada por el mandatario mexicano.Hemos estado informado a la gente sobre lo que representa la alianza que tienen ahora el PRI, el PAN y el PRD. Esta complicidad que sab\u00edamos ten\u00eda de manera oculta o debajo de la mesa pero que hoy, sin ninguna verg\u00fcenza, muestran a la poblaci\u00f3n. D\u00e1ndonos la raz\u00f3n, sobre todo al presidente de la Rep\u00fablica que muchas veces denunci\u00f3 que eran lo mismo<\/p>\n\n\n\n<figure class=\"wp-block-image\"><img decoding=\"async\" src=\"https:\/\/www.infobae.com\/new-resizer\/xdu8PMpCySL3DDkEgMqH8D-ikcE=\/420x236\/filters:format(jpg):quality(85)\/\/cloudfront-us-east-1.images.arcpublishing.com\/infobae\/5HHR4DJ6TBBAFB6GBHC2YS4MSA.jpg\" alt=\"Seg\u00fan Mario Delgado, es importante que los ciudadanos tengan memoria hist\u00f3rica para recordar \u201clo que representan estos partidos y lo que defienden\u201d (Foto: Especial)\"\/><figcaption><strong>Seg\u00fan Mario Delgado, es importante que los ciudadanos tengan memoria hist\u00f3rica para recordar \u201clo que representan estos partidos y lo que defienden\u201d (Foto: Especial)<\/strong><\/figcaption><\/figure>\n\n\n\n<p>De acuerdo con el exdiputado, dicho movimiento pol\u00edtico<strong>&nbsp;se gest\u00f3 desde el fraude electoral de 1988<\/strong>, \u201cy se va profundizando durante la administraci\u00f3n de&nbsp;<strong>Salinas, Zedillo, Fox y Pe\u00f1a<\/strong>. Gobern\u00f3 pr\u00e1cticamente la corrupci\u00f3n, la complicidad y los intereses\u201d.<\/p>\n\n\n\n<p>Por ello, destac\u00f3,\u00a0<strong>es importante que los ciudadanos tengan memoria hist\u00f3rica para recordar \u201clo que representan estos partidos y lo que defienden\u201d<\/strong>. Complicidad que nace desde el fraude electoral de 1988 y se va profundizando durante la administraci\u00f3n de Salinas, de Zedillo, de Fox y de Pe\u00f1a. Gobern\u00f3 pr\u00e1cticamente la corrupci\u00f3n, la complicidad y los intereses. Record\u00e1ndole al pueblo de M\u00e9xico lo que representan estos partidos y lo que defienden, para que la gente que ahora est\u00e1 ya muy despierta no se nos olvide a lo que quieren regresar, que no se nos olvide qu\u00e9 es lo que realmente los mueve.<\/p>\n\n\n\n<p><strong>Fuente:<\/strong> marcrixnoticias<\/p>\n","protected":false},"excerpt":{"rendered":"<p>Mario Delgado Carrillo, dirigente nacional de Movimiento de Regeneraci\u00f3n Nacional (Morena), asegur\u00f3 que a\u00a0Ricardo Anaya Cort\u00e9s, excandidato presidencial por el Partido Acci\u00f3n Nacional (PAN),\u00a0no tendr\u00e1 \u00e9xito en sus aspiraciones pol\u00edticas en 2024, pues se\u00f1al\u00f3 que\u00a0\u201cel pueblo de M\u00e9xico ya despert\u00f3\u201d.Yo no s\u00e9 si se vendr\u00e1 hoy a M\u00e9xico o si sigue en Atlanta, pero el [&hellip;]<\/p>\n","protected":false},"author":2,"featured_media":86963,"comment_status":"open","ping_status":"open","sticky":false,"template":"","format":"standard","meta":{"footnotes":""},"categories":[61],"tags":[],"class_list":["post-86962","post","type-post","status-publish","format-standard","has-post-thumbnail","hentry","category-politica"],"_links":{"self":[{"href":"http:\/\/elcuartopoder.com.mx\/nw\/wp-json\/wp\/v2\/posts\/86962","targetHints":{"allow":["GET"]}}],"collection":[{"href":"http:\/\/elcuartopoder.com.mx\/nw\/wp-json\/wp\/v2\/posts"}],"about":[{"href":"http:\/\/elcuartopoder.com.mx\/nw\/wp-json\/wp\/v2\/types\/post"}],"author":[{"embeddable":true,"href":"http:\/\/elcuartopoder.com.mx\/nw\/wp-json\/wp\/v2\/users\/2"}],"replies":[{"embeddable":true,"href":"http:\/\/elcuartopoder.com.mx\/nw\/wp-json\/wp\/v2\/comments?post=86962"}],"version-history":[{"count":1,"href":"http:\/\/elcuartopoder.com.mx\/nw\/wp-json\/wp\/v2\/posts\/86962\/revisions"}],"predecessor-version":[{"id":86964,"href":"http:\/\/elcuartopoder.com.mx\/nw\/wp-json\/wp\/v2\/posts\/86962\/revisions\/86964"}],"wp:featuredmedia":[{"embeddable":true,"href":"http:\/\/elcuartopoder.com.mx\/nw\/wp-json\/wp\/v2\/media\/86963"}],"wp:attachment":[{"href":"http:\/\/elcuartopoder.com.mx\/nw\/wp-json\/wp\/v2\/media?parent=86962"}],"wp:term":[{"taxonomy":"category","embeddable":true,"href":"http:\/\/elcuartopoder.com.mx\/nw\/wp-json\/wp\/v2\/categories?post=86962"},{"taxonomy":"post_tag","embeddable":true,"href":"http:\/\/elcuartopoder.com.mx\/nw\/wp-json\/wp\/v2\/tags?post=86962"}],"curies":[{"name":"wp","href":"https:\/\/api.w.org\/{rel}","templated":true}]}}