{"id":87403,"date":"2021-02-02T11:21:29","date_gmt":"2021-02-02T16:21:29","guid":{"rendered":"http:\/\/elcuartopoder.com.mx\/nw\/?p=87403"},"modified":"2021-02-02T11:21:30","modified_gmt":"2021-02-02T16:21:30","slug":"acciona-y-grupo-mexico-construiran-tramo-playa-del-carmen-tulum-del-tren-maya","status":"publish","type":"post","link":"http:\/\/elcuartopoder.com.mx\/nw\/estatales\/acciona-y-grupo-mexico-construiran-tramo-playa-del-carmen-tulum-del-tren-maya\/","title":{"rendered":"Acciona y Grupo M\u00e9xico construir\u00e1n tramo Playa del Carmen-Tulum del Tren Maya"},"content":{"rendered":"\n<p>Acciona y Grupo M\u00e9xico construir\u00e1n el&nbsp;tramo 5 del Tren Maya, entre Playa del Carmen y Tulum, para el Fondo Nacional de Fomento de Turismo (Fonatur) de M\u00e9xico, proyecto valorado en 17 mil 815 millones de pesos.<\/p>\n\n\n\n<p>El plan aprobado contempla la construcci\u00f3n de 60.3 kil\u00f3metros de doble v\u00eda electrificada, las obras incluir\u00e1n un viaducto ferroviario de siete kil\u00f3metros en Playa del Carmen, as\u00ed como de diversos pasos para la fauna de la zona a lo largo de todo el recorrido.<\/p>\n\n\n\n<p>Adem\u00e1s, las empresas ser\u00e1n responsables del mantenimiento y de la conservaci\u00f3n de la infraestructura durante los 51 meses posteriores.<\/p>\n\n\n\n<p>Actualmente acciona est\u00e1 construyendo m\u00e1s de 20 kil\u00f3metros de t\u00faneles de doble v\u00eda r\u00e1pida entre las localidades de Oslo y Ski, en Noruega, y ha sido responsable de la ampliaci\u00f3n de la L\u00ednea Roja del Metro de Dub\u00e1i. Recientemente se ha adjudicado adem\u00e1s la ampliaci\u00f3n del metro de Vancouver, en Canad\u00e1.<\/p>\n\n\n\n<p>En Am\u00e9rica Latina, Acciona fue responsable de la ejecuci\u00f3n del sistema de transporte ferroviario de Medell\u00edn (Colombia) y actualmente est\u00e1 construyendo la primera l\u00ednea de metro de Quito (Ecuador) y la L\u00ednea 6 del metro de S\u00e3o Paulo (Brasil). En Espa\u00f1a, la compa\u00f1\u00eda tambi\u00e9n ha participado en la construcci\u00f3n de diversos tramos de tren de alta velocidad y varias l\u00edneas de Metro en Madrid, Barcelona, M\u00e1laga o Sevilla.<\/p>\n\n\n\n<p>Acciona opera en M\u00e9xico desde 1978. La compa\u00f1\u00eda desarrolla en el pa\u00eds diversos proyectos que aportan soluciones para una econom\u00eda baja en carbono con infraestructuras resilientes, energ\u00edas limpias y desarrollos inmobiliarios.<\/p>\n\n\n\n<p><strong>Fuente: <\/strong>XEU<\/p>\n","protected":false},"excerpt":{"rendered":"<p>Acciona y Grupo M\u00e9xico construir\u00e1n el&nbsp;tramo 5 del Tren Maya, entre Playa del Carmen y Tulum, para el Fondo Nacional de Fomento de Turismo (Fonatur) de M\u00e9xico, proyecto valorado en 17 mil 815 millones de pesos. El plan aprobado contempla la construcci\u00f3n de 60.3 kil\u00f3metros de doble v\u00eda electrificada, las obras incluir\u00e1n un viaducto ferroviario [&hellip;]<\/p>\n","protected":false},"author":2,"featured_media":87404,"comment_status":"open","ping_status":"open","sticky":false,"template":"","format":"standard","meta":{"footnotes":""},"categories":[60],"tags":[],"class_list":["post-87403","post","type-post","status-publish","format-standard","has-post-thumbnail","hentry","category-estatales"],"_links":{"self":[{"href":"http:\/\/elcuartopoder.com.mx\/nw\/wp-json\/wp\/v2\/posts\/87403","targetHints":{"allow":["GET"]}}],"collection":[{"href":"http:\/\/elcuartopoder.com.mx\/nw\/wp-json\/wp\/v2\/posts"}],"about":[{"href":"http:\/\/elcuartopoder.com.mx\/nw\/wp-json\/wp\/v2\/types\/post"}],"author":[{"embeddable":true,"href":"http:\/\/elcuartopoder.com.mx\/nw\/wp-json\/wp\/v2\/users\/2"}],"replies":[{"embeddable":true,"href":"http:\/\/elcuartopoder.com.mx\/nw\/wp-json\/wp\/v2\/comments?post=87403"}],"version-history":[{"count":1,"href":"http:\/\/elcuartopoder.com.mx\/nw\/wp-json\/wp\/v2\/posts\/87403\/revisions"}],"predecessor-version":[{"id":87405,"href":"http:\/\/elcuartopoder.com.mx\/nw\/wp-json\/wp\/v2\/posts\/87403\/revisions\/87405"}],"wp:featuredmedia":[{"embeddable":true,"href":"http:\/\/elcuartopoder.com.mx\/nw\/wp-json\/wp\/v2\/media\/87404"}],"wp:attachment":[{"href":"http:\/\/elcuartopoder.com.mx\/nw\/wp-json\/wp\/v2\/media?parent=87403"}],"wp:term":[{"taxonomy":"category","embeddable":true,"href":"http:\/\/elcuartopoder.com.mx\/nw\/wp-json\/wp\/v2\/categories?post=87403"},{"taxonomy":"post_tag","embeddable":true,"href":"http:\/\/elcuartopoder.com.mx\/nw\/wp-json\/wp\/v2\/tags?post=87403"}],"curies":[{"name":"wp","href":"https:\/\/api.w.org\/{rel}","templated":true}]}}