{"id":88261,"date":"2021-02-26T15:40:22","date_gmt":"2021-02-26T20:40:22","guid":{"rendered":"http:\/\/elcuartopoder.com.mx\/nw\/?p=88261"},"modified":"2021-02-26T15:40:24","modified_gmt":"2021-02-26T20:40:24","slug":"damaso-lopez-redujo-su-pena-de-cadena-perpetua-a-14-anos-tras-hundir-al-chapo-y-acusar-a-emma-coronel-2","status":"publish","type":"post","link":"http:\/\/elcuartopoder.com.mx\/nw\/policiacas\/damaso-lopez-redujo-su-pena-de-cadena-perpetua-a-14-anos-tras-hundir-al-chapo-y-acusar-a-emma-coronel-2\/","title":{"rendered":"D\u00e1maso L\u00f3pez redujo su pena de Cadena Perpetua a 14 a\u00f1os tras hundir al \u201cChapo\u201d y acusar a Emma Coronel"},"content":{"rendered":"\n<p><strong>El compadre de Joaqu\u00edn Guzm\u00e1n Loera fue sentenciado a cadena perpetua en noviembre de 2018 y en enero del a\u00f1o pasado se report\u00f3 una moci\u00f3n para reducir su tiempo en prisi\u00f3n<\/strong><\/p>\n\n\n\n<p><strong>D\u00e1maso L\u00f3pez N\u00fa\u00f1ez,\u00a0<\/strong><em><strong>El Licenciado<\/strong><\/em>,<strong>\u00a0redujo su pena a 14 a\u00f1os,\u00a0<\/strong>luego de ser<strong>\u00a0condenado en 2018 a una sentencia de cadena perpetua<\/strong>. Con lo cual, el testigo clave en el juicio contra\u00a0<strong>Joaqu\u00edn Guzm\u00e1n Loera,\u00a0<\/strong><em><strong>El Chapo<\/strong><\/em><strong>,\u00a0<\/strong>ha obtenido el beneficio por cooperar para que su compadre se mantenga en la c\u00e1rcel de por vida.<\/p>\n\n\n\n<p>De acuerdo con registros del Bur\u00f3 Federal de Prisiones (BOP),<strong>&nbsp;L\u00f3pez N\u00fa\u00f1ez tiene una fecha prevista de liberaci\u00f3n para el 11 de agosto de 2032.&nbsp;<\/strong>Cabe destacar que en enero del a\u00f1o pasado se report\u00f3<strong>&nbsp;una moci\u00f3n para reducir su tiempo tras las rejas<\/strong>, pero desde entonces no se supo m\u00e1s.<\/p>\n\n\n\n<p><em>El Licenciado,<\/em>\u00a0principal lugarteniente de Guzm\u00e1n Loera, fue<strong>\u00a0sentenciado el 30 de noviembre de 2018<\/strong>, tras declararse culpable de narcotr\u00e1fico en un Tribunal de Alexandria, Virginia. El fallo incluy\u00f3 un\u00a0<strong>embargo de 25 millones de d\u00f3lares<\/strong>.<\/p>\n\n\n\n<p>El compadre del Chapo&nbsp;<strong>ya hab\u00eda aceptado su responsabilidad en el tr\u00e1fico de al menos 450 kilogramos de coca\u00edna un par de meses antes<\/strong>&nbsp;de que le fuera le\u00edda su pena.<\/p>\n\n\n\n<p>L\u00f3pez N\u00fa\u00f1ez<strong>&nbsp;accedi\u00f3 a que su defensa hiciera un acuerdo con la fiscal\u00eda norteamericana.<\/strong>&nbsp;Manuel Retureta, abogado del narcotraficante, solicit\u00f3 al juez T.S. Ellis que su cliente fuera recluido en una prisi\u00f3n del suroeste, algo que fue concedido.<\/p>\n\n\n\n<p>Seg\u00fan el BOP,&nbsp;<strong>el<\/strong><em><strong>&nbsp;Licenciado<\/strong><\/em><strong>&nbsp;ahora est\u00e1 encerrado en la penitenciar\u00eda USP Cana\u00e1n del condado de Wayne<\/strong>. Se trata de un campo de reclusi\u00f3n de seguridad m\u00ednima, localizado al noreste de&nbsp;<strong>Pensilvania<\/strong>.<\/p>\n\n\n\n<p>Contactado por<strong>&nbsp;Infobae M\u00e9xico<\/strong>,<strong>&nbsp;Manuel Retureta prefiri\u00f3 reservarse cualquier comentario sobre el caso<\/strong>.<\/p>\n\n\n\n<p>En los \u00faltimos dos d\u00edas,&nbsp;<strong>el nombre de D\u00e1maso L\u00f3pez N\u00fa\u00f1ez cobr\u00f3 relevancia porque su testimonio ha sido clave en las acusaciones contra su comadre, Emma Coronel Aispuro<\/strong>, quien fue imputada ante el Distrito de Columbia el pasado 17 de febrero y arrestada en el aeropuerto de Washington-Dulles cinco d\u00edas despu\u00e9s.<\/p>\n\n\n\n<p>As\u00ed como est\u00e1n los se\u00f1alamientos en la&nbsp;<strong>acusaci\u00f3n presentada hace una semana<\/strong>, tambi\u00e9n<strong>&nbsp;est\u00e1n de forma id\u00e9ntica los mismos testimonios de L\u00f3pez N\u00fa\u00f1ez<\/strong>, quien&nbsp;<strong>declar\u00f3 contra su compadre en el 22 y 23 de enero de 2019 en la sala 8D de la Corte del Distrito Este de Nueva York<\/strong>&nbsp;en el llamado&nbsp;<strong>\u201cjuicio del siglo\u201d.<\/strong><\/p>\n\n\n\n<p>Acaso lo \u00fanico nuevo es que las&nbsp;<strong>autoridades norteamericanas decidieron ocultar la identidad de su \u201cTestigo Colaborador 1\u201d<\/strong>&nbsp;por mera formalidad, pero en esencia,&nbsp;<strong>se trata L\u00f3pez N\u00fa\u00f1ez<\/strong>. Esto puede corroborarse con registros de prensa sobre la comparecencia del&nbsp;<em><strong>Licenciado<\/strong><\/em>con similitudes que rayan en lo obvio.<\/p>\n\n\n\n<p>L\u00f3pez N\u00fa\u00f1ez&nbsp;<strong>confes\u00f3 sobre las cartas enviadas por su compadre, a trav\u00e9s de Emma Coronel, con instrucciones sobre la direcci\u00f3n del C\u00e1rtel de Sinaloa<\/strong>; igual relat\u00f3 la discusi\u00f3n para entregar un reloj con GPS al&nbsp;<em>Chapo<\/em>&nbsp;y conocer su ubicaci\u00f3n exacta en la celda para el escape del Altiplano en julio de 2015; a su vez,&nbsp;<strong>cont\u00f3 acerca del segundo plan para que Guzm\u00e1n Loera se fugara antes de ser extraditado a EEUU,&nbsp;<\/strong>un proyecto que comenz\u00f3 en febrero de 2016 pero no se concret\u00f3.<\/p>\n\n\n\n<p>En el p\u00e1rrafo 33 de la acusaci\u00f3n presentada por el agente especial del FBI,&nbsp;<strong>Eric S. McGuire<\/strong>,&nbsp;<strong>se&nbsp;<\/strong>i<strong>ndica que el \u201cTestigo Colaborador 1\u201d recibi\u00f3 100 mil d\u00f3lares de manos de Emma Coronel&nbsp;<\/strong>para adquirir un terreno cerca del penal del Altiplano en 2016,&nbsp;<strong>exactamente lo que el<\/strong>&nbsp;<em><strong>Licenciado<\/strong><\/em><strong>&nbsp;confes\u00f3 en 2019,<\/strong>&nbsp;cuando dijo que tom\u00f3 la misma cantidad, pues aunque de nueva cuenta accedi\u00f3 a colaborar para la huida de su compadre,&nbsp;<strong>\u00e9l no ten\u00eda dinero<\/strong>.<\/p>\n\n\n\n<p>De acuerdo con las cr\u00f3nicas de su presentaci\u00f3n, L\u00f3pez N\u00fa\u00f1ez lleg\u00f3 a la sala de la corte de Nueva York el martes 22 de enero de 2019.<\/p>\n\n\n\n<p>Cuando subi\u00f3 al estrado,&nbsp;<strong>mir\u00f3 a su compadre, el<\/strong><em><strong>&nbsp;Chapo<\/strong><\/em><strong>, y se golpe\u00f3 en el pecho con el pu\u00f1o de la mano derecha<\/strong>; al ser cuestionado por la defensa sobre ese gesto de aparente&nbsp;<strong>lealtad<\/strong>, respondi\u00f3: \u201c<strong>porque lo amo<\/strong>\u201d. Sin embargo, coment\u00f3 que las circunstancias lo hab\u00edan obligado a testificar y decidi\u00f3 pensar en su familia. Eso dijo para justificar su traici\u00f3n.<\/p>\n\n\n\n<p><strong>D\u00e1maso L\u00f3pez N\u00fa\u00f1ez conoci\u00f3 al&nbsp;<\/strong><em><strong>Chapo<\/strong><\/em><strong>&nbsp;en 1999<\/strong>, cuando se convirti\u00f3 en subdirector del penal de Puente Grande, Jalisco, donde mandaba el l\u00edder del C\u00e1rtel de Sinaloa y quien estaba recluido tras ser detenido en Guatemala en 1993.<\/p>\n\n\n\n<p>L\u00f3pez N\u00fa\u00f1ez es de Sinaloa, donde trabaj\u00f3 en la comandancia como jefe de investigaci\u00f3n en el robo de autos; pero ya&nbsp;<strong>en Puente Grande ayudaba a Guzm\u00e1n Loera a introducir celulares, alcohol, coca\u00edna, alimentos de restaurantes, servidoras sexuales<\/strong>, entre otros caprichos del amo y se\u00f1or del penal de m\u00e1xima seguridad. Antes de la fuga del capo, el 18 de enero de 2001, el funcionario renunci\u00f3 porque ya pesaban presuntos v\u00ednculos de corrupci\u00f3n sobre \u00e9l.<\/p>\n\n\n\n<p>Despu\u00e9s contactar\u00eda al<em>&nbsp;Chapo<\/em>,&nbsp;<strong>se volver\u00eda su lugarteniente&nbsp;<\/strong>para comprar ranchos, hasta entregar&nbsp;<strong>sobornos a militares&nbsp;<\/strong>y coordinar env\u00edos de droga ; adem\u00e1s de ser padrino de una de las \u00faltimas dos hijas de la familia Guzm\u00e1n Aispuro.<\/p>\n\n\n\n<p>El Licenciado fue detenido en la Ciudad de M\u00e9xico en mayo de 2017 y extraditado a EEUU en julio de 2018; cuatro meses fue sentenciado a pasar toda su vida en prisi\u00f3n, pero al testificar contra su compadre e inculpar a su comadre, las autoridades norteamericanas han determinado su liberaci\u00f3n en 2032, cuando ronde los 66 a\u00f1os. Eso, si no es testigo contra Emma Coronel a cambio de reducir a\u00fan m\u00e1s su condena.<\/p>\n\n\n\n<p><strong>Fuente:<\/strong> marcrixnoticias<\/p>\n","protected":false},"excerpt":{"rendered":"<p>El compadre de Joaqu\u00edn Guzm\u00e1n Loera fue sentenciado a cadena perpetua en noviembre de 2018 y en enero del a\u00f1o pasado se report\u00f3 una moci\u00f3n para reducir su tiempo en prisi\u00f3n D\u00e1maso L\u00f3pez N\u00fa\u00f1ez,\u00a0El Licenciado,\u00a0redujo su pena a 14 a\u00f1os,\u00a0luego de ser\u00a0condenado en 2018 a una sentencia de cadena perpetua. Con lo cual, el testigo [&hellip;]<\/p>\n","protected":false},"author":2,"featured_media":88262,"comment_status":"open","ping_status":"open","sticky":false,"template":"","format":"standard","meta":{"footnotes":""},"categories":[23],"tags":[],"class_list":["post-88261","post","type-post","status-publish","format-standard","has-post-thumbnail","hentry","category-policiacas"],"_links":{"self":[{"href":"http:\/\/elcuartopoder.com.mx\/nw\/wp-json\/wp\/v2\/posts\/88261","targetHints":{"allow":["GET"]}}],"collection":[{"href":"http:\/\/elcuartopoder.com.mx\/nw\/wp-json\/wp\/v2\/posts"}],"about":[{"href":"http:\/\/elcuartopoder.com.mx\/nw\/wp-json\/wp\/v2\/types\/post"}],"author":[{"embeddable":true,"href":"http:\/\/elcuartopoder.com.mx\/nw\/wp-json\/wp\/v2\/users\/2"}],"replies":[{"embeddable":true,"href":"http:\/\/elcuartopoder.com.mx\/nw\/wp-json\/wp\/v2\/comments?post=88261"}],"version-history":[{"count":1,"href":"http:\/\/elcuartopoder.com.mx\/nw\/wp-json\/wp\/v2\/posts\/88261\/revisions"}],"predecessor-version":[{"id":88263,"href":"http:\/\/elcuartopoder.com.mx\/nw\/wp-json\/wp\/v2\/posts\/88261\/revisions\/88263"}],"wp:featuredmedia":[{"embeddable":true,"href":"http:\/\/elcuartopoder.com.mx\/nw\/wp-json\/wp\/v2\/media\/88262"}],"wp:attachment":[{"href":"http:\/\/elcuartopoder.com.mx\/nw\/wp-json\/wp\/v2\/media?parent=88261"}],"wp:term":[{"taxonomy":"category","embeddable":true,"href":"http:\/\/elcuartopoder.com.mx\/nw\/wp-json\/wp\/v2\/categories?post=88261"},{"taxonomy":"post_tag","embeddable":true,"href":"http:\/\/elcuartopoder.com.mx\/nw\/wp-json\/wp\/v2\/tags?post=88261"}],"curies":[{"name":"wp","href":"https:\/\/api.w.org\/{rel}","templated":true}]}}