{"id":88264,"date":"2021-02-26T15:44:51","date_gmt":"2021-02-26T20:44:51","guid":{"rendered":"http:\/\/elcuartopoder.com.mx\/nw\/?p=88264"},"modified":"2021-02-26T15:44:53","modified_gmt":"2021-02-26T20:44:53","slug":"erronea-determinacion-de-la-scjn-golpea-al-avispero-del-magisterio","status":"publish","type":"post","link":"http:\/\/elcuartopoder.com.mx\/nw\/editorial\/erronea-determinacion-de-la-scjn-golpea-al-avispero-del-magisterio\/","title":{"rendered":"Err\u00f3nea determinaci\u00f3n de la SCJN golpea al avispero del magisterio"},"content":{"rendered":"\n<p>La Suprema Corte de Justicia de la Naci\u00f3n no sale de una cuando entra en otra crisis provocada por sus propios yerros que ponen en riesgo la gobernabilidad del pa\u00eds, al omitir diversos considerandos legales en sus resoluciones, transgrediendo con ello derechos humanos y laborales resguardados en la Carta Magna y en diversos ordenamientos internacionales.<\/p>\n\n\n\n<p>Al fijar un tope m\u00e1ximo de la pensi\u00f3n jubilatoria otorgada por el ISSSTE en 10 Unidades de Medida y Actualizaci\u00f3n (UMA), la Segunda Sala de la SCJN trastoc\u00f3 el orden constitucional y violent\u00f3 las conquistas laborales y sindicales de, sin exagerar, cientos de miles de trabajadores al servicio del Estado, porque afecta los ingresos, derechos humanos y laborales de los trabajadores y jubilados que cotizan y cotizaron al r\u00e9gimen de pensi\u00f3n vitalicia.<\/p>\n\n\n\n<p>El tufillo de sospechosismo a que huele esta determinaci\u00f3n responde m\u00e1s a criterios pol\u00edticos, en vez de preservar los derechos laborales.<\/p>\n\n\n\n<p>El Sindicato Nacional de los Trabajadores de la Educaci\u00f3n (SNTE) lanz\u00f3 un manifiesto en el que rechaz\u00f3 la determinaci\u00f3n de la Suprema Corte de Justicia de la Naci\u00f3n, en virtud de que esta decisi\u00f3n atiende a criterios econ\u00f3micos y financieros, en lugar de respetar las conquistas y el bienestar de los trabajadores, y por ello iniciar\u00e1n acciones legales defensivas dentro y fuera del pa\u00eds.<\/p>\n\n\n\n<p>La lealtad del SNTE hacia el presidente de M\u00e9xico, la educaci\u00f3n y los alumnos, les impide emprender paros y movilizaciones en todo el pa\u00eds, lo que provocar\u00eda, sin duda, una crisis de gobernabilidad. En vez de ello, encauzar\u00e1n su inconformidad por la ruta institucional y legal.<\/p>\n\n\n\n<p>En dicho manifiesto el SNTE apunta que los trabajadores que decidieron permanecer en el r\u00e9gimen pensionario del D\u00e9cimo Transitorio, en el cual se se\u00f1ala con claridad qu\u00e9 l\u00edmite superior de las pensiones equivaldr\u00eda a diez salarios m\u00ednimos y no a la Unidad de Medida y Actualizaci\u00f3n<\/p>\n\n\n\n<p>Acus\u00f3 el magisterio que la reciente determinaci\u00f3n de la SCJN en materia de pensiones jubilatorias \u201cafecta tanto los ingresos como los derechos humanos y laborales adquiridos de los trabajadores y jubilados, quienes cotizan y cotizaron bajo el r\u00e9gimen de pensi\u00f3n vitalicia\u201d.<\/p>\n\n\n\n<p>El SNTE advirti\u00f3 que esta determinaci\u00f3n contraviene la jurisprudencia laboral 2020651, en la cual la misma Corte establec\u00eda que \u201cla pensi\u00f3n de retiro de los trabajadores es una prestaci\u00f3n de seguridad social derivada de la relaci\u00f3n de trabajo y sustentada propiamente en el salario, incluso para generarla y pagarla se atiende al fondo constituido durante la vida activa laboral, mediante aportaciones de salario percibido, topadas a la cantidad de diez veces el salario m\u00ednimo, es claro que esta prestaci\u00f3n es laboral\u201d.<\/p>\n\n\n\n<p>Se contravienen principios b\u00e1sicos de la Declaraci\u00f3n Universal de los Derechos Humanos, Convenios y Recomendaciones referidas a la seguridad y justicia social emitidas por la Organizaci\u00f3n Internacional del Trabajo (OIT), entre otros.<\/p>\n\n\n\n<p>En ese sentido, el SNTE defender\u00e1 los derechos de sus agremiados, y anunci\u00f3 que acudir\u00e1 a la Comisi\u00f3n Interamericana de Derechos Humanos y dem\u00e1s organismos internacionales, para demandar el respeto a las disposiciones originales del D\u00e9cimo Transitorio de la Ley del ISSSTE.<\/p>\n\n\n\n<p>El sindicato m\u00e1s grande de Am\u00e9rica Latina reiter\u00f3 que fortalecer\u00e1 negociaciones con \u00f3rganos del Poder Ejecutivo y Poder Legislativo para seguir impulsando la reforma de pensiones que ya le present\u00f3 al gobierno de la Rep\u00fablica.<\/p>\n\n\n\n<p>El l\u00edder del sindicato de maestros, Alfonso Cepeda Salas, ha se\u00f1alado reiteradamente que el presidente Andr\u00e9s Manuel L\u00f3pez Obrador est\u00e1 impulsando pol\u00edticas para el bienestar de todo el pueblo de M\u00e9xico, adem\u00e1s de diversos pronunciamientos en favor de los trabajadores y jubilados. En cambio, la SCJN va en sentido contrario a esta pol\u00edtica del jefe del Ejecutivo federal, am\u00e9n de que en su resoluci\u00f3n ha trastocado los intereses m\u00e1s sagrados y por los cuales vela el SNTE y que son los derechos laborales y sindicales conquistados en las \u00faltimas siete d\u00e9cadas del magisterio.<\/p>\n\n\n\n<p><strong>Fuente:&nbsp;<\/strong>elfinanciero<br><\/p>\n","protected":false},"excerpt":{"rendered":"<p>La Suprema Corte de Justicia de la Naci\u00f3n no sale de una cuando entra en otra crisis provocada por sus propios yerros que ponen en riesgo la gobernabilidad del pa\u00eds, al omitir diversos considerandos legales en sus resoluciones, transgrediendo con ello derechos humanos y laborales resguardados en la Carta Magna y en diversos ordenamientos internacionales. [&hellip;]<\/p>\n","protected":false},"author":2,"featured_media":88265,"comment_status":"open","ping_status":"open","sticky":false,"template":"","format":"standard","meta":{"footnotes":""},"categories":[63],"tags":[],"class_list":["post-88264","post","type-post","status-publish","format-standard","has-post-thumbnail","hentry","category-editorial"],"_links":{"self":[{"href":"http:\/\/elcuartopoder.com.mx\/nw\/wp-json\/wp\/v2\/posts\/88264","targetHints":{"allow":["GET"]}}],"collection":[{"href":"http:\/\/elcuartopoder.com.mx\/nw\/wp-json\/wp\/v2\/posts"}],"about":[{"href":"http:\/\/elcuartopoder.com.mx\/nw\/wp-json\/wp\/v2\/types\/post"}],"author":[{"embeddable":true,"href":"http:\/\/elcuartopoder.com.mx\/nw\/wp-json\/wp\/v2\/users\/2"}],"replies":[{"embeddable":true,"href":"http:\/\/elcuartopoder.com.mx\/nw\/wp-json\/wp\/v2\/comments?post=88264"}],"version-history":[{"count":1,"href":"http:\/\/elcuartopoder.com.mx\/nw\/wp-json\/wp\/v2\/posts\/88264\/revisions"}],"predecessor-version":[{"id":88266,"href":"http:\/\/elcuartopoder.com.mx\/nw\/wp-json\/wp\/v2\/posts\/88264\/revisions\/88266"}],"wp:featuredmedia":[{"embeddable":true,"href":"http:\/\/elcuartopoder.com.mx\/nw\/wp-json\/wp\/v2\/media\/88265"}],"wp:attachment":[{"href":"http:\/\/elcuartopoder.com.mx\/nw\/wp-json\/wp\/v2\/media?parent=88264"}],"wp:term":[{"taxonomy":"category","embeddable":true,"href":"http:\/\/elcuartopoder.com.mx\/nw\/wp-json\/wp\/v2\/categories?post=88264"},{"taxonomy":"post_tag","embeddable":true,"href":"http:\/\/elcuartopoder.com.mx\/nw\/wp-json\/wp\/v2\/tags?post=88264"}],"curies":[{"name":"wp","href":"https:\/\/api.w.org\/{rel}","templated":true}]}}