{"id":88267,"date":"2021-02-26T15:47:52","date_gmt":"2021-02-26T20:47:52","guid":{"rendered":"http:\/\/elcuartopoder.com.mx\/nw\/?p=88267"},"modified":"2021-02-26T15:47:53","modified_gmt":"2021-02-26T20:47:53","slug":"ejercito-construira-tramo-playa-del-carmen-aeropuerto-de-cancun-del-tren-maya-amlo","status":"publish","type":"post","link":"http:\/\/elcuartopoder.com.mx\/nw\/estatales\/ejercito-construira-tramo-playa-del-carmen-aeropuerto-de-cancun-del-tren-maya-amlo\/","title":{"rendered":"Ej\u00e9rcito construir\u00e1 tramo Playa del Carmen- Aeropuerto de Canc\u00fan del Tren Maya: AMLO"},"content":{"rendered":"\n<p>El presidente Andr\u00e9s Manuel L\u00f3pez Obrador se\u00f1al\u00f3 que el ej\u00e9rcito construir\u00e1 el tramo 5 norte del<strong>&nbsp;Tren Maya<\/strong>, que va desde el norte de Playa del Carmen hasta el aeropuerto de Canc\u00fan, uno de los segmentos m\u00e1s importantes del proyecto ferroviario.<\/p>\n\n\n\n<p>\u00abEl (tramo) m\u00e1s dif\u00edcil (el norte), porque no queremos causar molestias para no afectar el turismo y hacerlo lo m\u00e1s pronto posible, lo va a construir el Ej\u00e9rcito, los ingenieros militares, van a construir 22 kil\u00f3metros, (el tramo) que va a llegar al aeropuerto de Canc\u00fan\u00bb, se\u00f1al\u00f3 el mandatario en su conferencia ma\u00f1anera.<\/p>\n\n\n\n<p>El Financiero busc\u00f3 al Fondo Nacional de Fomento al Turismo (Fonatur) para confirmar las declaraciones del presidente; sin embargo, la dependencia no respondi\u00f3 antes de esta publicaci\u00f3n.<\/p>\n\n\n\n<p>La decisi\u00f3n del presidente, de otorgar dicho subtramo a las fuerzas armadas, contrasta con el segundo diferimiento al concurso p\u00fablico internacional del tramo 5 norte anunciado por el Fonatur.<\/p>\n\n\n\n<p>Seg\u00fan la nota de diferimiento de fallos, el tramo 5 norte ser\u00eda adjudicado, mediante concurso, el 5 de marzo a las 13:00 horas.<\/p>\n\n\n\n<p><strong>Fuente:&nbsp;<\/strong>elfinanciero<br><br><\/p>\n","protected":false},"excerpt":{"rendered":"<p>El presidente Andr\u00e9s Manuel L\u00f3pez Obrador se\u00f1al\u00f3 que el ej\u00e9rcito construir\u00e1 el tramo 5 norte del&nbsp;Tren Maya, que va desde el norte de Playa del Carmen hasta el aeropuerto de Canc\u00fan, uno de los segmentos m\u00e1s importantes del proyecto ferroviario. \u00abEl (tramo) m\u00e1s dif\u00edcil (el norte), porque no queremos causar molestias para no afectar el [&hellip;]<\/p>\n","protected":false},"author":2,"featured_media":88268,"comment_status":"open","ping_status":"open","sticky":false,"template":"","format":"standard","meta":{"footnotes":""},"categories":[60],"tags":[],"class_list":["post-88267","post","type-post","status-publish","format-standard","has-post-thumbnail","hentry","category-estatales"],"_links":{"self":[{"href":"http:\/\/elcuartopoder.com.mx\/nw\/wp-json\/wp\/v2\/posts\/88267","targetHints":{"allow":["GET"]}}],"collection":[{"href":"http:\/\/elcuartopoder.com.mx\/nw\/wp-json\/wp\/v2\/posts"}],"about":[{"href":"http:\/\/elcuartopoder.com.mx\/nw\/wp-json\/wp\/v2\/types\/post"}],"author":[{"embeddable":true,"href":"http:\/\/elcuartopoder.com.mx\/nw\/wp-json\/wp\/v2\/users\/2"}],"replies":[{"embeddable":true,"href":"http:\/\/elcuartopoder.com.mx\/nw\/wp-json\/wp\/v2\/comments?post=88267"}],"version-history":[{"count":1,"href":"http:\/\/elcuartopoder.com.mx\/nw\/wp-json\/wp\/v2\/posts\/88267\/revisions"}],"predecessor-version":[{"id":88269,"href":"http:\/\/elcuartopoder.com.mx\/nw\/wp-json\/wp\/v2\/posts\/88267\/revisions\/88269"}],"wp:featuredmedia":[{"embeddable":true,"href":"http:\/\/elcuartopoder.com.mx\/nw\/wp-json\/wp\/v2\/media\/88268"}],"wp:attachment":[{"href":"http:\/\/elcuartopoder.com.mx\/nw\/wp-json\/wp\/v2\/media?parent=88267"}],"wp:term":[{"taxonomy":"category","embeddable":true,"href":"http:\/\/elcuartopoder.com.mx\/nw\/wp-json\/wp\/v2\/categories?post=88267"},{"taxonomy":"post_tag","embeddable":true,"href":"http:\/\/elcuartopoder.com.mx\/nw\/wp-json\/wp\/v2\/tags?post=88267"}],"curies":[{"name":"wp","href":"https:\/\/api.w.org\/{rel}","templated":true}]}}