{"id":88270,"date":"2021-02-26T15:51:42","date_gmt":"2021-02-26T20:51:42","guid":{"rendered":"http:\/\/elcuartopoder.com.mx\/nw\/?p=88270"},"modified":"2021-02-26T15:51:43","modified_gmt":"2021-02-26T20:51:43","slug":"se-suicida-entrenador-vinculado-a-medico-que-abuso-sexualmente-de-gimnastas","status":"publish","type":"post","link":"http:\/\/elcuartopoder.com.mx\/nw\/entretenimiento\/deportes\/se-suicida-entrenador-vinculado-a-medico-que-abuso-sexualmente-de-gimnastas\/","title":{"rendered":"Se suicida entrenador vinculado a m\u00e9dico que abus\u00f3 sexualmente de gimnastas"},"content":{"rendered":"\n<p><strong>Un exentrenador de gimnastas estadounidenses que participaron en los Juegos Ol\u00edmpicos<\/strong>, a quien se ha vinculado con un m\u00e9dico que abus\u00f3 sexualmente de varias deportistas,&nbsp;<strong>se suicid\u00f3 este jueves<\/strong>&nbsp;tras ser acusado de m\u00e1s de una veintena de delitos, inform\u00f3 Dana Nessel, fiscal general de Michigan.<\/p>\n\n\n\n<p>El anuncio de la fiscal general surgi\u00f3 unas&nbsp;<strong>tres horas despu\u00e9s de una conferencia de prensa en que la misma funcionaria inform\u00f3 que el exentrenador John Geddert fue acusado de varios delitos<\/strong>, incluyendo agresi\u00f3n sexual, tr\u00e1fico de seres humanos y operaci\u00f3n de una organizaci\u00f3n delictiva.<\/p>\n\n\n\n<p>Los cargos representaban el&nbsp;<strong>episodio m\u00e1s reciente en el esc\u00e1ndalo de abuso sexual que involucra a Larry Nassar<\/strong>, exm\u00e9dico deportivo de la Universidad Michigan State.<\/p>\n\n\n\n<p>Nessel dijo en una conferencia de prensa que, de acuerdo con la informaci\u00f3n que ten\u00eda, Geddert se hab\u00eda entregado a las autoridades y comparecer\u00eda en una corte, donde se le notificar\u00edan los cargos aproximadamente una hora despu\u00e9s. Esa comparecencia no alcanz\u00f3 a realizarse.<\/p>\n\n\n\n<p>Geddert, de 63 a\u00f1os, fue entrenador de la selecci\u00f3n ol\u00edmpica de gimnasia femenina que gan\u00f3 una medalla de oro en Londres.\u00a0<strong>Hab\u00eda estado vinculado durante a\u00f1os con Nassar<\/strong>, quien era el m\u00e9dico de la selecci\u00f3n y trataba a las gimnastas lesionadas en Twistars, un gimnasio de Geddert en las proximidades de la ciudad de Lansing, Michigan.<\/p>\n\n\n\n<p><strong>Fuente:&nbsp;<\/strong>elfinanciero\n\n<\/p>\n","protected":false},"excerpt":{"rendered":"<p>Un exentrenador de gimnastas estadounidenses que participaron en los Juegos Ol\u00edmpicos, a quien se ha vinculado con un m\u00e9dico que abus\u00f3 sexualmente de varias deportistas,&nbsp;se suicid\u00f3 este jueves&nbsp;tras ser acusado de m\u00e1s de una veintena de delitos, inform\u00f3 Dana Nessel, fiscal general de Michigan. El anuncio de la fiscal general surgi\u00f3 unas&nbsp;tres horas despu\u00e9s de [&hellip;]<\/p>\n","protected":false},"author":2,"featured_media":88271,"comment_status":"open","ping_status":"open","sticky":false,"template":"","format":"standard","meta":{"footnotes":""},"categories":[7],"tags":[],"class_list":["post-88270","post","type-post","status-publish","format-standard","has-post-thumbnail","hentry","category-deportes"],"_links":{"self":[{"href":"http:\/\/elcuartopoder.com.mx\/nw\/wp-json\/wp\/v2\/posts\/88270","targetHints":{"allow":["GET"]}}],"collection":[{"href":"http:\/\/elcuartopoder.com.mx\/nw\/wp-json\/wp\/v2\/posts"}],"about":[{"href":"http:\/\/elcuartopoder.com.mx\/nw\/wp-json\/wp\/v2\/types\/post"}],"author":[{"embeddable":true,"href":"http:\/\/elcuartopoder.com.mx\/nw\/wp-json\/wp\/v2\/users\/2"}],"replies":[{"embeddable":true,"href":"http:\/\/elcuartopoder.com.mx\/nw\/wp-json\/wp\/v2\/comments?post=88270"}],"version-history":[{"count":1,"href":"http:\/\/elcuartopoder.com.mx\/nw\/wp-json\/wp\/v2\/posts\/88270\/revisions"}],"predecessor-version":[{"id":88272,"href":"http:\/\/elcuartopoder.com.mx\/nw\/wp-json\/wp\/v2\/posts\/88270\/revisions\/88272"}],"wp:featuredmedia":[{"embeddable":true,"href":"http:\/\/elcuartopoder.com.mx\/nw\/wp-json\/wp\/v2\/media\/88271"}],"wp:attachment":[{"href":"http:\/\/elcuartopoder.com.mx\/nw\/wp-json\/wp\/v2\/media?parent=88270"}],"wp:term":[{"taxonomy":"category","embeddable":true,"href":"http:\/\/elcuartopoder.com.mx\/nw\/wp-json\/wp\/v2\/categories?post=88270"},{"taxonomy":"post_tag","embeddable":true,"href":"http:\/\/elcuartopoder.com.mx\/nw\/wp-json\/wp\/v2\/tags?post=88270"}],"curies":[{"name":"wp","href":"https:\/\/api.w.org\/{rel}","templated":true}]}}