{"id":88288,"date":"2021-02-27T10:15:54","date_gmt":"2021-02-27T15:15:54","guid":{"rendered":"http:\/\/elcuartopoder.com.mx\/nw\/?p=88288"},"modified":"2021-02-27T10:15:55","modified_gmt":"2021-02-27T15:15:55","slug":"j-balvin-sera-papa-su-novia-valentina-ferrer-esta-embarazada","status":"publish","type":"post","link":"http:\/\/elcuartopoder.com.mx\/nw\/entretenimiento\/espectaculos\/j-balvin-sera-papa-su-novia-valentina-ferrer-esta-embarazada\/","title":{"rendered":"J Balvin \u00a1ser\u00e1 pap\u00e1!, su novia Valentina Ferrer est\u00e1 embarazada"},"content":{"rendered":"\n<p>J Balvin se convertir\u00e1 en pap\u00e1 por primera vez, seg\u00fan el programa \u201cEl Gordo y la Flaca\u201d que inform\u00f3 que la pareja del reguetonero, Valentina Ferrer, est\u00e1 embarazada.<\/p>\n\n\n\n<p>El colombiano, de 35 a\u00f1os y Valentian Ferrer tendr\u00edan un embarazo de 5 meses, as\u00ed lo asegur\u00f3 Tanya Charry, periodista de \u201cEl gordo y la flaca\u201d al precisar que la informaci\u00f3n est\u00e1 confirmada en exclusiva por dicho programa.<\/p>\n\n\n\n<p>Y es que las c\u00e1maras de \u00abEl Gordo y la Flaca\u00bb captaron a la pareja cuando llegaban a un restaurante en Los \u00c1ngeles, aunque la modelo procur\u00f3 mantenerse lejos de las c\u00e1maras y bien cubierta, la reportera confirm\u00f3 que J Balvin ser\u00e1 pap\u00e1 por primera vez.<\/p>\n\n\n\n<p>Recordemos que J Balvin y Valentina Ferrer tienen una relaci\u00f3n sentimental desde hace varios a\u00f1os y en diciembre pasado ya se hab\u00eda especulado mucho sobre un embarazo de la pareja.<\/p>\n\n\n\n<p><strong>Fuente:<\/strong> fusionradio<\/p>\n","protected":false},"excerpt":{"rendered":"<p>J Balvin se convertir\u00e1 en pap\u00e1 por primera vez, seg\u00fan el programa \u201cEl Gordo y la Flaca\u201d que inform\u00f3 que la pareja del reguetonero, Valentina Ferrer, est\u00e1 embarazada. El colombiano, de 35 a\u00f1os y Valentian Ferrer tendr\u00edan un embarazo de 5 meses, as\u00ed lo asegur\u00f3 Tanya Charry, periodista de \u201cEl gordo y la flaca\u201d al [&hellip;]<\/p>\n","protected":false},"author":2,"featured_media":88289,"comment_status":"open","ping_status":"open","sticky":false,"template":"","format":"standard","meta":{"footnotes":""},"categories":[11],"tags":[],"class_list":["post-88288","post","type-post","status-publish","format-standard","has-post-thumbnail","hentry","category-espectaculos"],"_links":{"self":[{"href":"http:\/\/elcuartopoder.com.mx\/nw\/wp-json\/wp\/v2\/posts\/88288","targetHints":{"allow":["GET"]}}],"collection":[{"href":"http:\/\/elcuartopoder.com.mx\/nw\/wp-json\/wp\/v2\/posts"}],"about":[{"href":"http:\/\/elcuartopoder.com.mx\/nw\/wp-json\/wp\/v2\/types\/post"}],"author":[{"embeddable":true,"href":"http:\/\/elcuartopoder.com.mx\/nw\/wp-json\/wp\/v2\/users\/2"}],"replies":[{"embeddable":true,"href":"http:\/\/elcuartopoder.com.mx\/nw\/wp-json\/wp\/v2\/comments?post=88288"}],"version-history":[{"count":1,"href":"http:\/\/elcuartopoder.com.mx\/nw\/wp-json\/wp\/v2\/posts\/88288\/revisions"}],"predecessor-version":[{"id":88290,"href":"http:\/\/elcuartopoder.com.mx\/nw\/wp-json\/wp\/v2\/posts\/88288\/revisions\/88290"}],"wp:featuredmedia":[{"embeddable":true,"href":"http:\/\/elcuartopoder.com.mx\/nw\/wp-json\/wp\/v2\/media\/88289"}],"wp:attachment":[{"href":"http:\/\/elcuartopoder.com.mx\/nw\/wp-json\/wp\/v2\/media?parent=88288"}],"wp:term":[{"taxonomy":"category","embeddable":true,"href":"http:\/\/elcuartopoder.com.mx\/nw\/wp-json\/wp\/v2\/categories?post=88288"},{"taxonomy":"post_tag","embeddable":true,"href":"http:\/\/elcuartopoder.com.mx\/nw\/wp-json\/wp\/v2\/tags?post=88288"}],"curies":[{"name":"wp","href":"https:\/\/api.w.org\/{rel}","templated":true}]}}