{"id":88291,"date":"2021-02-27T10:18:21","date_gmt":"2021-02-27T15:18:21","guid":{"rendered":"http:\/\/elcuartopoder.com.mx\/nw\/?p=88291"},"modified":"2021-02-27T10:18:23","modified_gmt":"2021-02-27T15:18:23","slug":"le-dieron-dos-balazos-en-el-pecho-disparan-contra-un-mototaxista-en-cancun","status":"publish","type":"post","link":"http:\/\/elcuartopoder.com.mx\/nw\/policiacas\/le-dieron-dos-balazos-en-el-pecho-disparan-contra-un-mototaxista-en-cancun\/","title":{"rendered":"LE DIERON DOS BALAZOS EN EL PECHO: Disparan contra un mototaxista en Canc\u00fan"},"content":{"rendered":"\n<p><strong>CANC\u00daN, MX.-<\/strong>&nbsp;En lo que pudiera ser un asalto o una ri\u00f1a, un operador de un mototaxi recibi\u00f3 dos balazos en el pecho, que lo mantienen internado en el hospital general de esta ciudad. Autoridades ya buscan al responsable en el fraccionamiento Las Palmas, sin \u00e9xito.<br><\/p>\n\n\n\n<div class=\"wp-block-image\"><figure class=\"aligncenter\"><a href=\"https:\/\/noticaribe.com.mx\/wp\/wp-content\/uploads\/2021\/02\/Baleado3.jpeg\"><img decoding=\"async\" src=\"https:\/\/noticaribe.com.mx\/wp\/wp-content\/uploads\/2021\/02\/Baleado3.jpeg\" alt=\"\" class=\"wp-image-460990\"\/><\/a><\/figure><\/div>\n\n\n\n<p>La agresi\u00f3n ocurri\u00f3 en la esquina de las avenidas Centenario y Lakin, en la Regi\u00f3n 259, que corresponde al fraccionamiento mencionado. De acuerdo a testigos, un hombre discut\u00eda con este mototaxista, antes de sacar un arma de fuego, con la que le dispar\u00f3 directamente, para darse a la fuga.<br><\/p>\n\n\n\n<div class=\"wp-block-image\"><figure class=\"aligncenter\"><a href=\"https:\/\/noticaribe.com.mx\/wp\/wp-content\/uploads\/2021\/02\/Baleado5.jpeg\"><img decoding=\"async\" src=\"https:\/\/noticaribe.com.mx\/wp\/wp-content\/uploads\/2021\/02\/Baleado5.jpeg\" alt=\"\" class=\"wp-image-460989\"\/><\/a><\/figure><\/div>\n\n\n\n<p>Sin embargo, hay testimonios que aseguran que este agresor forceje\u00f3 con el mototaxista, pues trataba de arrebatarle sus pertenencias, lo que indicar\u00eda que fue un asalto.<br><\/p>\n\n\n\n<div class=\"wp-block-image\"><figure class=\"aligncenter\"><a href=\"https:\/\/noticaribe.com.mx\/wp\/wp-content\/uploads\/2021\/02\/Baleado4.jpeg\"><img decoding=\"async\" src=\"https:\/\/noticaribe.com.mx\/wp\/wp-content\/uploads\/2021\/02\/Baleado4.jpeg\" alt=\"\" class=\"wp-image-460988\"\/><\/a><\/figure><\/div>\n\n\n\n<p>Al lugar lleg\u00f3 una ambulancia particular, que llev\u00f3 al herido, con dos impactos en el t\u00f3rax, al hospital general de la ciudad. En tanto, agentes policiacos acordonaron la zona e iniciaron la b\u00fasqueda del responsable, hasta ahora en vano.\u00a0<strong>(Agencia SIM)<\/strong><\/p>\n\n\n\n<p><strong>Fuente:<\/strong> Noticaribe<\/p>\n","protected":false},"excerpt":{"rendered":"<p>CANC\u00daN, MX.-&nbsp;En lo que pudiera ser un asalto o una ri\u00f1a, un operador de un mototaxi recibi\u00f3 dos balazos en el pecho, que lo mantienen internado en el hospital general de esta ciudad. Autoridades ya buscan al responsable en el fraccionamiento Las Palmas, sin \u00e9xito. La agresi\u00f3n ocurri\u00f3 en la esquina de las avenidas Centenario [&hellip;]<\/p>\n","protected":false},"author":2,"featured_media":88292,"comment_status":"open","ping_status":"open","sticky":false,"template":"","format":"standard","meta":{"footnotes":""},"categories":[23],"tags":[],"class_list":["post-88291","post","type-post","status-publish","format-standard","has-post-thumbnail","hentry","category-policiacas"],"_links":{"self":[{"href":"http:\/\/elcuartopoder.com.mx\/nw\/wp-json\/wp\/v2\/posts\/88291","targetHints":{"allow":["GET"]}}],"collection":[{"href":"http:\/\/elcuartopoder.com.mx\/nw\/wp-json\/wp\/v2\/posts"}],"about":[{"href":"http:\/\/elcuartopoder.com.mx\/nw\/wp-json\/wp\/v2\/types\/post"}],"author":[{"embeddable":true,"href":"http:\/\/elcuartopoder.com.mx\/nw\/wp-json\/wp\/v2\/users\/2"}],"replies":[{"embeddable":true,"href":"http:\/\/elcuartopoder.com.mx\/nw\/wp-json\/wp\/v2\/comments?post=88291"}],"version-history":[{"count":1,"href":"http:\/\/elcuartopoder.com.mx\/nw\/wp-json\/wp\/v2\/posts\/88291\/revisions"}],"predecessor-version":[{"id":88293,"href":"http:\/\/elcuartopoder.com.mx\/nw\/wp-json\/wp\/v2\/posts\/88291\/revisions\/88293"}],"wp:featuredmedia":[{"embeddable":true,"href":"http:\/\/elcuartopoder.com.mx\/nw\/wp-json\/wp\/v2\/media\/88292"}],"wp:attachment":[{"href":"http:\/\/elcuartopoder.com.mx\/nw\/wp-json\/wp\/v2\/media?parent=88291"}],"wp:term":[{"taxonomy":"category","embeddable":true,"href":"http:\/\/elcuartopoder.com.mx\/nw\/wp-json\/wp\/v2\/categories?post=88291"},{"taxonomy":"post_tag","embeddable":true,"href":"http:\/\/elcuartopoder.com.mx\/nw\/wp-json\/wp\/v2\/tags?post=88291"}],"curies":[{"name":"wp","href":"https:\/\/api.w.org\/{rel}","templated":true}]}}