{"id":88331,"date":"2021-02-28T18:06:59","date_gmt":"2021-02-28T23:06:59","guid":{"rendered":"http:\/\/elcuartopoder.com.mx\/nw\/?p=88331"},"modified":"2021-02-28T18:07:01","modified_gmt":"2021-02-28T23:07:01","slug":"grupos-pro-vida-exigen-a-diputados-desalojar-a-las-feministas","status":"publish","type":"post","link":"http:\/\/elcuartopoder.com.mx\/nw\/varios\/grupos-pro-vida-exigen-a-diputados-desalojar-a-las-feministas\/","title":{"rendered":"Grupos pro vida exigen a diputados desalojar a las feministas"},"content":{"rendered":"\n<p>CHETUMAL, Q. Roo.- Siete organizaciones autonombradas pro vida exigieron a los diputados quintanarroenses que desalojen de la sede oficial del Congreso a las integrantes de la&nbsp;<strong>Red Feminista de Quintana Roo<\/strong>.&nbsp;<\/p>\n\n\n\n<p>A trav\u00e9s de un oficio dirigido a cada uno de los legisladores, hacen un llamado a<strong>&nbsp;\u201crecuperar el Congreso de todos\u201d<\/strong>, ya que \u201cno se puede permitir que uno de los Poderes del Estado contin\u00fae siendo reh\u00e9n de intereses ideol\u00f3gicos de un grupo minoritario\u201d. Se\u00f1alan que al impedir el ingreso de los diputados y trabajadores, las feministas est\u00e1n afectando el trabajo Legislativo de la entidad.&nbsp;<\/p>\n\n\n\n<p>Adem\u00e1s de que aseguran que la congregaci\u00f3n de las feministas es un riesgo de contagio de Covid-19. Sin embargo, sobre este punto es necesario recalcar que tambi\u00e9n los grupos pro vida han&nbsp;<strong>realizado aglomeraciones masivas<\/strong>&nbsp;en el estacionamiento del Congreso.&nbsp;<\/p>\n\n\n\n<p>\u201cLas feministas tambi\u00e9n est\u00e1n cometiendo un agravio en contra de cientos de ciudadanos que necesitan realizar tr\u00e1mites de gesti\u00f3n con sus representantes locales, en materia de salud, agua, luz y educaci\u00f3n, pues desde que&nbsp;<strong>el edificio se encuentra secuestrado<\/strong>&nbsp;no han podido acercarse a los diputados\u201d, resalta el oficio. D<\/p>\n\n\n\n<p>estaca que el documento sea firmado por m\u00e1s de 400 personas, as\u00ed como por las organizaciones LUX; SUMAS; Cat\u00f3licas XDV; CRUZ; Iniciativa Ciudadana; Con Participaci\u00f3n; e Identidad Quintanarroense: las mismas que en d\u00edas pasados hicieron<strong>&nbsp;un llamado a chetumale\u00f1os<\/strong>&nbsp;para pintar de blanco el mural \u201cDigna Rabia\u201d, plasmado por las feministas en las paredes del Congreso local.&nbsp;<\/p>\n\n\n\n<p>Por su parte, la Red Feminista de Quintana Roo declar\u00f3 que este tipo de acciones son una provocaci\u00f3n y un llamado\u00a0<strong>a cometer violencia<\/strong>\u00a0en su contra, por lo que piden se investigue quienes son los promotores de estas solicitudes. La Junta de gobierno y Coordinaci\u00f3n Pol\u00edtica de la XVI Legislatura no ha emitido alg\u00fan pronunciamiento al respecto.<\/p>\n\n\n\n<p><strong>Fuente:<\/strong> SIPSE<\/p>\n","protected":false},"excerpt":{"rendered":"<p>CHETUMAL, Q. Roo.- Siete organizaciones autonombradas pro vida exigieron a los diputados quintanarroenses que desalojen de la sede oficial del Congreso a las integrantes de la&nbsp;Red Feminista de Quintana Roo.&nbsp; A trav\u00e9s de un oficio dirigido a cada uno de los legisladores, hacen un llamado a&nbsp;\u201crecuperar el Congreso de todos\u201d, ya que \u201cno se puede [&hellip;]<\/p>\n","protected":false},"author":2,"featured_media":88332,"comment_status":"open","ping_status":"open","sticky":false,"template":"","format":"standard","meta":{"footnotes":""},"categories":[64],"tags":[],"class_list":["post-88331","post","type-post","status-publish","format-standard","has-post-thumbnail","hentry","category-varios"],"_links":{"self":[{"href":"http:\/\/elcuartopoder.com.mx\/nw\/wp-json\/wp\/v2\/posts\/88331","targetHints":{"allow":["GET"]}}],"collection":[{"href":"http:\/\/elcuartopoder.com.mx\/nw\/wp-json\/wp\/v2\/posts"}],"about":[{"href":"http:\/\/elcuartopoder.com.mx\/nw\/wp-json\/wp\/v2\/types\/post"}],"author":[{"embeddable":true,"href":"http:\/\/elcuartopoder.com.mx\/nw\/wp-json\/wp\/v2\/users\/2"}],"replies":[{"embeddable":true,"href":"http:\/\/elcuartopoder.com.mx\/nw\/wp-json\/wp\/v2\/comments?post=88331"}],"version-history":[{"count":1,"href":"http:\/\/elcuartopoder.com.mx\/nw\/wp-json\/wp\/v2\/posts\/88331\/revisions"}],"predecessor-version":[{"id":88333,"href":"http:\/\/elcuartopoder.com.mx\/nw\/wp-json\/wp\/v2\/posts\/88331\/revisions\/88333"}],"wp:featuredmedia":[{"embeddable":true,"href":"http:\/\/elcuartopoder.com.mx\/nw\/wp-json\/wp\/v2\/media\/88332"}],"wp:attachment":[{"href":"http:\/\/elcuartopoder.com.mx\/nw\/wp-json\/wp\/v2\/media?parent=88331"}],"wp:term":[{"taxonomy":"category","embeddable":true,"href":"http:\/\/elcuartopoder.com.mx\/nw\/wp-json\/wp\/v2\/categories?post=88331"},{"taxonomy":"post_tag","embeddable":true,"href":"http:\/\/elcuartopoder.com.mx\/nw\/wp-json\/wp\/v2\/tags?post=88331"}],"curies":[{"name":"wp","href":"https:\/\/api.w.org\/{rel}","templated":true}]}}