{"id":88353,"date":"2021-02-28T21:31:04","date_gmt":"2021-03-01T02:31:04","guid":{"rendered":"http:\/\/elcuartopoder.com.mx\/nw\/?p=88353"},"modified":"2021-02-28T21:31:06","modified_gmt":"2021-03-01T02:31:06","slug":"semaforo-covid-este-sera-el-color-de-tu-estado-del-1-al-14-de-marzo","status":"publish","type":"post","link":"http:\/\/elcuartopoder.com.mx\/nw\/nacionales\/semaforo-covid-este-sera-el-color-de-tu-estado-del-1-al-14-de-marzo\/","title":{"rendered":"Sem\u00e1foro COVID: Este ser\u00e1 el color de tu estado del 1 al 14 de marzo"},"content":{"rendered":"\n<p>El sem\u00e1foro de riesgo epid\u00e9mico por COVID-19 fue actualizado este viernes y tendr\u00e1 a 20 estados en amarillo, 10 en naranja y 2 en verde.<\/p>\n\n\n\n<p>Los contagios y hospitalizaciones por coronavirus han bajado de forma generalizada en el pa\u00eds, seg\u00fan los datos de la Secretar\u00eda de Salud, lo que provoc\u00f3 que ahora no haya ninguna entidad en color rojo, que es el de m\u00e1ximo riesgo de infecci\u00f3n.<\/p>\n\n\n\n<p>Si quieres saber en qu\u00e9 color estar\u00e1 tu estado para las siguientes dos semanas (del 1 al 14 de marzo), te decimos a continuaci\u00f3n.<\/p>\n\n\n\n<p><strong>Verde<\/strong>: Chiapas y Campeche.<\/p>\n\n\n\n<p><strong>Amarillo<\/strong>: Baja California, Baja California Sur, Sonora, Sinaloa, Chihuahua, Durango, Coahuila, Zacatecas, Aguascalientes, Jalisco, Nayarit, Colima, Michoac\u00e1n, Guerrero, Guanajuato, Hidalgo, Tlaxcala, Tamaulipas, Veracruz y Quintana Roo.<\/p>\n\n\n\n<p><strong>Naranja<\/strong>: Ciudad de M\u00e9xico, Estado de M\u00e9xico, Morelos, Puebla, Quer\u00e9taro, Yucat\u00e1n, San Luis Potos\u00ed, Nuevo Le\u00f3n, Tabasco y Oaxaca.<\/p>\n\n\n\n<p>Cabe recordar que, aunque no haya ning\u00fan estado en ese color, el nivel rojo del sem\u00e1foro significa riesgo m\u00e1ximo de contagio; el naranja, riesgo alto; el amarillo, riesgo medio; y el verde, riesgo bajo.<\/p>\n\n\n\n<p>Aunque una entidad llegue a nivel verde, el riesgo contin\u00faa y se deben de seguir las recomendaciones de salud para disminuir los contagios, tales como sana distancia, uso de cubrebocas, estornudo de etiqueta, lavado contante de manos.<\/p>\n\n\n\n<p><strong>Fuente:<\/strong>  elfinanciero<\/p>\n","protected":false},"excerpt":{"rendered":"<p>El sem\u00e1foro de riesgo epid\u00e9mico por COVID-19 fue actualizado este viernes y tendr\u00e1 a 20 estados en amarillo, 10 en naranja y 2 en verde. Los contagios y hospitalizaciones por coronavirus han bajado de forma generalizada en el pa\u00eds, seg\u00fan los datos de la Secretar\u00eda de Salud, lo que provoc\u00f3 que ahora no haya ninguna [&hellip;]<\/p>\n","protected":false},"author":2,"featured_media":88354,"comment_status":"open","ping_status":"open","sticky":false,"template":"","format":"standard","meta":{"footnotes":""},"categories":[55],"tags":[],"class_list":["post-88353","post","type-post","status-publish","format-standard","has-post-thumbnail","hentry","category-nacionales"],"_links":{"self":[{"href":"http:\/\/elcuartopoder.com.mx\/nw\/wp-json\/wp\/v2\/posts\/88353","targetHints":{"allow":["GET"]}}],"collection":[{"href":"http:\/\/elcuartopoder.com.mx\/nw\/wp-json\/wp\/v2\/posts"}],"about":[{"href":"http:\/\/elcuartopoder.com.mx\/nw\/wp-json\/wp\/v2\/types\/post"}],"author":[{"embeddable":true,"href":"http:\/\/elcuartopoder.com.mx\/nw\/wp-json\/wp\/v2\/users\/2"}],"replies":[{"embeddable":true,"href":"http:\/\/elcuartopoder.com.mx\/nw\/wp-json\/wp\/v2\/comments?post=88353"}],"version-history":[{"count":1,"href":"http:\/\/elcuartopoder.com.mx\/nw\/wp-json\/wp\/v2\/posts\/88353\/revisions"}],"predecessor-version":[{"id":88355,"href":"http:\/\/elcuartopoder.com.mx\/nw\/wp-json\/wp\/v2\/posts\/88353\/revisions\/88355"}],"wp:featuredmedia":[{"embeddable":true,"href":"http:\/\/elcuartopoder.com.mx\/nw\/wp-json\/wp\/v2\/media\/88354"}],"wp:attachment":[{"href":"http:\/\/elcuartopoder.com.mx\/nw\/wp-json\/wp\/v2\/media?parent=88353"}],"wp:term":[{"taxonomy":"category","embeddable":true,"href":"http:\/\/elcuartopoder.com.mx\/nw\/wp-json\/wp\/v2\/categories?post=88353"},{"taxonomy":"post_tag","embeddable":true,"href":"http:\/\/elcuartopoder.com.mx\/nw\/wp-json\/wp\/v2\/tags?post=88353"}],"curies":[{"name":"wp","href":"https:\/\/api.w.org\/{rel}","templated":true}]}}