{"id":88356,"date":"2021-02-28T21:35:19","date_gmt":"2021-03-01T02:35:19","guid":{"rendered":"http:\/\/elcuartopoder.com.mx\/nw\/?p=88356"},"modified":"2021-02-28T21:35:20","modified_gmt":"2021-03-01T02:35:20","slug":"si-tuve-contacto-con-alguien-que-tiene-covid-19-cuando-me-hago-la-prueba-esta-calculadora-te-dice","status":"publish","type":"post","link":"http:\/\/elcuartopoder.com.mx\/nw\/entretenimiento\/salud\/si-tuve-contacto-con-alguien-que-tiene-covid-19-cuando-me-hago-la-prueba-esta-calculadora-te-dice\/","title":{"rendered":"Si tuve contacto con alguien que tiene COVID-19, \u00bfcu\u00e1ndo me hago la prueba? Esta calculadora te dice"},"content":{"rendered":"\n<p>Si has tenido contacto con alguien que result\u00f3 tener&nbsp;<strong>COVID-19<\/strong>, o simplemente sospechas que podr\u00edas tener la enfermedad, seguramente te has preguntado cu\u00e1ndo deber\u00edas hacerte una&nbsp;<strong>prueba&nbsp;<\/strong>para confirmarlo.<\/p>\n\n\n\n<p>En este sentido,<strong>&nbsp;Fundaci\u00f3n Carlos Slim y Salud Digital&nbsp;<\/strong>presentan la<strong>&nbsp;Calculadora COVID<\/strong>, con la cual podr\u00e1s hacer una estimaci\u00f3n de cu\u00e1ndo deber\u00edas hacerte la prueba.<\/p>\n\n\n\n<h3 class=\"wp-block-heading\">As\u00ed es como funciona la Calculadora COVID<\/h3>\n\n\n\n<p>-Para usarla, debes ingresar al sitio web, al que puedes acceder dando clic aqu\u00ed:\u00a0www.clikisalud.net\/calculadora-cinetica-de-la-enfermedad<\/p>\n\n\n\n<p>-Ah\u00ed encontrar\u00e1s una tabla que te indicar\u00e1 el&nbsp;<strong>comportamiento de la infecci\u00f3n por SARS-CoV-2a<\/strong>, con datos como la carga viral en personas sintom\u00e1ticas y asintom\u00e1ticas, y el n\u00famero de d\u00edas desde que tuviste contacto con una persona con la infecci\u00f3n.<\/p>\n\n\n\n<p>-Encontrar\u00e1s un apartado en el que deber\u00e1s poner la fecha del \u00faltimo contacto con una persona positiva, con el fin de poder calcular. Tambi\u00e9n te da la opci\u00f3n de poner la fecha en que iniciaste a tener s\u00edntomas o en que tu resultado fue positivo, y te dar\u00e1 recomendaciones como aislarte seg\u00fan sea el caso.<\/p>\n\n\n\n<p>-Si por ejemplo tu \u00faltima fecha de contacto con alguien positivo al virus fue este viernes 26 de febrero, la calculadora lanzar\u00e1 una serie de&nbsp;<strong>\u00abFechas de importancia\u00bb&nbsp;<\/strong>del siguiente modo:<\/p>\n\n\n\n<figure class=\"wp-block-image\"><img decoding=\"async\" src=\"https:\/\/www.elfinanciero.com.mx\/uploads\/2021\/02\/26\/21928905821614358834.png\" alt=\"La Calculadora COVID te presentar\u00e1 las fechas importantes tras un posible contagio.\"\/><\/figure>\n\n\n\n<p>La Calculadora COVID te presentar\u00e1 las fechas importantes tras un posible contagio.Especial<\/p>\n\n\n\n<p>-Tambi\u00e9n puedes colocar el resultado si es que te realizaste ya una prueba PCR (para saber si eres positivo o negativo), y te presentar\u00e1 nuevas fechas a las que tendr\u00e1s que estar atento, como el periodo de contagiosidad.<\/p>\n\n\n\n<p>-En el mismo sitio web se indica que todas estas fechas son probables, por lo que podr\u00edan cambiar seg\u00fan el inicio de los s\u00edntomas que presentes o del resultado positivo al virus.<\/p>\n\n\n\n<p><br><strong>Fuente:<\/strong>\u00a0elfinanciero <\/p>\n","protected":false},"excerpt":{"rendered":"<p>Si has tenido contacto con alguien que result\u00f3 tener&nbsp;COVID-19, o simplemente sospechas que podr\u00edas tener la enfermedad, seguramente te has preguntado cu\u00e1ndo deber\u00edas hacerte una&nbsp;prueba&nbsp;para confirmarlo. En este sentido,&nbsp;Fundaci\u00f3n Carlos Slim y Salud Digital&nbsp;presentan la&nbsp;Calculadora COVID, con la cual podr\u00e1s hacer una estimaci\u00f3n de cu\u00e1ndo deber\u00edas hacerte la prueba. As\u00ed es como funciona la Calculadora [&hellip;]<\/p>\n","protected":false},"author":2,"featured_media":88357,"comment_status":"open","ping_status":"open","sticky":false,"template":"","format":"standard","meta":{"footnotes":""},"categories":[56],"tags":[],"class_list":["post-88356","post","type-post","status-publish","format-standard","has-post-thumbnail","hentry","category-salud"],"_links":{"self":[{"href":"http:\/\/elcuartopoder.com.mx\/nw\/wp-json\/wp\/v2\/posts\/88356","targetHints":{"allow":["GET"]}}],"collection":[{"href":"http:\/\/elcuartopoder.com.mx\/nw\/wp-json\/wp\/v2\/posts"}],"about":[{"href":"http:\/\/elcuartopoder.com.mx\/nw\/wp-json\/wp\/v2\/types\/post"}],"author":[{"embeddable":true,"href":"http:\/\/elcuartopoder.com.mx\/nw\/wp-json\/wp\/v2\/users\/2"}],"replies":[{"embeddable":true,"href":"http:\/\/elcuartopoder.com.mx\/nw\/wp-json\/wp\/v2\/comments?post=88356"}],"version-history":[{"count":1,"href":"http:\/\/elcuartopoder.com.mx\/nw\/wp-json\/wp\/v2\/posts\/88356\/revisions"}],"predecessor-version":[{"id":88358,"href":"http:\/\/elcuartopoder.com.mx\/nw\/wp-json\/wp\/v2\/posts\/88356\/revisions\/88358"}],"wp:featuredmedia":[{"embeddable":true,"href":"http:\/\/elcuartopoder.com.mx\/nw\/wp-json\/wp\/v2\/media\/88357"}],"wp:attachment":[{"href":"http:\/\/elcuartopoder.com.mx\/nw\/wp-json\/wp\/v2\/media?parent=88356"}],"wp:term":[{"taxonomy":"category","embeddable":true,"href":"http:\/\/elcuartopoder.com.mx\/nw\/wp-json\/wp\/v2\/categories?post=88356"},{"taxonomy":"post_tag","embeddable":true,"href":"http:\/\/elcuartopoder.com.mx\/nw\/wp-json\/wp\/v2\/tags?post=88356"}],"curies":[{"name":"wp","href":"https:\/\/api.w.org\/{rel}","templated":true}]}}