{"id":89043,"date":"2021-03-21T12:10:03","date_gmt":"2021-03-21T17:10:03","guid":{"rendered":"http:\/\/elcuartopoder.com.mx\/nw\/?p=89043"},"modified":"2021-03-21T12:10:06","modified_gmt":"2021-03-21T17:10:06","slug":"fake-fake-fake-yalitza-no-se-unio-a-va-por-mexico-la-uif-no-congelo-las-cuentas-de-los-expresidentes","status":"publish","type":"post","link":"http:\/\/elcuartopoder.com.mx\/nw\/nacionales\/fake-fake-fake-yalitza-no-se-unio-a-va-por-mexico-la-uif-no-congelo-las-cuentas-de-los-expresidentes\/","title":{"rendered":"Fake, fake, fake: Yalitza no se uni\u00f3 a Va por M\u00e9xico; la UIF NO congel\u00f3 las cuentas de los expresidentes"},"content":{"rendered":"\n<p>Un resumen de las&nbsp;<strong>historias<\/strong>&nbsp;e&nbsp;<strong>im\u00e1genes<\/strong>&nbsp;m\u00e1s populares, pero completamente&nbsp;<strong>falsas<\/strong>&nbsp;de la semana. Ninguna de \u00e9stas es leg\u00edtima, a pesar de que se compartieron ampliamente en las&nbsp;<strong>redes sociales<\/strong>.&nbsp;<em>The Associated Press<\/em>&nbsp;las verific\u00f3. Aqu\u00ed est\u00e1n los hechos:<\/p>\n\n\n\n<p><strong>ISLANDIA NO LEVANT\u00d3 LA TOTALIDAD DE LAS RESTRICCIONES POR LA COVID-19<\/strong><\/p>\n\n\n\n<p>LA AFIRMACI\u00d3N: Un video muestra un evento masivo en Islandia que ocurri\u00f3 despu\u00e9s de que este pa\u00eds levant\u00f3 la totalidad de las restricciones para prevenir los contagios de COVID-19.<\/p>\n\n\n\n<p>LOS HECHOS: Aunque el Gobierno island\u00e9s anunci\u00f3 en febrero un relajamiento de las restricciones por la pandemia, a\u00fan mantiene medidas sanitarias para prevenir contagios como distanciamiento social y aforos limitados en reuniones y eventos. Adem\u00e1s, el video que muestra el evento masivo corresponde a una celebraci\u00f3n deportiva en ese pa\u00eds ocurrida en julio de 2016.<\/p>\n\n\n\n<p>El 23 de febrero el Gobierno de Islandia anunci\u00f3 un relajamiento de las restricciones ante la pandemia de COVID-19.<\/p>\n\n\n\n<p>El alivio en las medidas fue determinado ante una tendencia epidemiol\u00f3gica favorable en el pa\u00eds, con una incidencia de 1.4 contagios por cada 100 mil habitantes, de acuerdo con cifras oficiales.<\/p>\n\n\n\n<figure class=\"wp-block-image\"><img decoding=\"async\" src=\"https:\/\/i0.wp.com\/sinembargo.mx\/wp-content\/uploads\/2021\/03\/ap21058010233108-1.jpg\" alt=\"Esta fotograf\u00eda de archivo de septiembre de 2020, proporcionada por Johnson &amp; Johnson, muestra a una farmac\u00f3loga prepar\u00e1ndose para aplicar una vacuna experimental contra la COVID-19. \" class=\"wp-image-3953354\"\/><\/figure>\n\n\n\n<p>Esta fotograf\u00eda de archivo de septiembre de 2020, proporcionada por Johnson &amp; Johnson, muestra a una farmac\u00f3loga prepar\u00e1ndose para aplicar una vacuna experimental contra la COVID-19. Foto: Johnson &amp; Johnson v\u00eda AP, archivo<\/p>\n\n\n\n<p>En un comunicado el Gobierno island\u00e9s inform\u00f3 que autoriz\u00f3 un aumento en el aforo permitido en reuniones de 20 a 50 personas.<\/p>\n\n\n\n<p>Tambi\u00e9n las autoridades anunciaron que, a partir de ese d\u00eda, los eventos deportivos, culturales y religiosos podr\u00e1n contar con un aforo m\u00e1ximo de 200 personas.<\/p>\n\n\n\n<p>Una publicaci\u00f3n del 10 de marzo que circula en Facebook incluye un video que muestra a una multitud en Reikiavik, la capital islandesa, en una celebraci\u00f3n. La publicaci\u00f3n utiliza el video para decir falsamente que el Gobierno de Islandia \u201clevant\u00f3 todas las restricciones\u201d.<\/p>\n\n\n\n<p>Pero, en realidad, el video corresponde a una celebraci\u00f3n organizada el 4 de julio de 2016 en esa ciudad, durante la cual una multitud dio la bienvenida de regreso al pa\u00eds al equipo de futbol island\u00e9s despu\u00e9s de su participaci\u00f3n en la Eurocopa de ese a\u00f1o.<\/p>\n\n\n\n<p>En el video, la multitud, congregada en la zona conocida como Arnarholl, en el centro de Reikiavik, entona un popular canto vikingo titulado \u201cHuh\u201d que consiste en una repetici\u00f3n gutural del t\u00edtulo de la canci\u00f3n, acompa\u00f1ada de aplausos.<\/p>\n\n\n\n<p>El video muestra a integrantes del equipo sobre un templete dirigiendo el c\u00e1ntico. Im\u00e1genes de ese evento capturadas por el fot\u00f3grafo de AP, Brynjar Gunnarsson, muestran a los jugadores aplaudiendo frente a la multitud.<\/p>\n\n\n\n<p>Adem\u00e1s, el Gobierno island\u00e9s no ha cancelado la totalidad de las restricciones por la pandemia. En su comunicado del 23 de febrero, el Gobierno de ese pa\u00eds reiter\u00f3 que, aunque autoriz\u00f3 un relajamiento en las medidas sanitarias, a\u00fan mantiene un \u00e9nfasis en la necesidad de aplicar el distanciamiento social y otras precauciones personales.<\/p>\n\n\n\n<p>Tambi\u00e9n inform\u00f3 que mantiene los protocolos de aplicaci\u00f3n de pruebas para detectar la COVID-19, el aislamiento de casos positivos y el rastreo de personas que pudieron estar expuestas a pacientes infectados.<\/p>\n\n\n\n<p>Islandia, un pa\u00eds con una poblaci\u00f3n de poco m\u00e1s de 340 mil habitantes, al 15 de marzo registra seis mil 083 contagios y 29 decesos por COVID-19, de acuerdo con la Universidad Johns Hopkins.<\/p>\n\n\n\n<p>\u2014 El periodista de la AP Marcos Mart\u00ednez Chac\u00f3n verific\u00f3 esta informaci\u00f3n.<\/p>\n\n\n\n<p><strong>CANDIDATO A GOBERNADOR EN M\u00c9XICO NO AMENAZ\u00d3 CON EXPROPIAR PLAYA<\/strong><\/p>\n\n\n\n<figure class=\"wp-block-image\"><img decoding=\"async\" src=\"https:\/\/i0.wp.com\/sinembargo.mx\/wp-content\/uploads\/2021\/03\/felix-salgado-1.jpeg\" alt=\"F\u00e9lix Salgado Macedonio, candidato a la gubernatura de Guerrero por Morena. \" class=\"wp-image-3953356\"\/><\/figure>\n\n\n\n<p>F\u00e9lix Salgado Macedonio, candidato a la gubernatura de Guerrero por Morena. Foto: Dassaev T\u00e9llez Adame, Cuartoscuro<\/p>\n\n\n\n<p>LA AFIRMACI\u00d3N: El candidato a Gobernador del estado de Guerrero, F\u00e9lix Salgado Macedonio, del partido oficialista Movimiento de Regeneraci\u00f3n Nacional (Morena), declar\u00f3 que una vez que llegue al poder expropiar\u00e1 la playa de Punta Diamante, en poder del pol\u00edtico mexicano Diego Fern\u00e1ndez de Cevallos, del Partido Acci\u00f3n Nacional (PAN).<\/p>\n\n\n\n<p>LOS HECHOS: Aunque la pol\u00e9mica sobre el terreno en Punta Diamante se remonta a la d\u00e9cada de los noventa, Salgado Macedonio no ha declarado como candidato que lo expropiar\u00e1. Las playas, adem\u00e1s, son un bien federal y no del Gobierno estatal.<\/p>\n\n\n\n<p>Desde la d\u00e9cada de los noventa, Salgado Macedonio ha sido cr\u00edtico de una serie de terrenos en Punta Diamante, en la popular playa de Acapulco, que son propiedad del excandidato presidencial Diego Fern\u00e1ndez de Cevallos.<\/p>\n\n\n\n<p>En agosto de 2019, Salgado Macedonio public\u00f3 un tuit contra Fern\u00e1ndez de Cevallos, quien previamente declar\u00f3 que no ten\u00eda miedo de que el Gobierno del actual Presidente, Andr\u00e9s Manuel L\u00f3pez Obrador, lo investigara.<\/p>\n\n\n\n<blockquote class=\"wp-block-quote is-layout-flow wp-block-quote-is-layout-flow\"><p>\u201cNom\u00e1s que le quiten el terreno que le \u2018regalaron\u2019 en Punta Diamante para construir ah\u00ed la Facultad de Turismo\u201d, dice el tuit de Salgado Macedonio publicado el 21 de agosto de 2019.<\/p><\/blockquote>\n\n\n\n<p>Como actual candidato a Gobernador de Guerrero, el pol\u00edtico no ha dicho que planea expropiar terrenos del pol\u00edtico panista en Punta Diamante.<\/p>\n\n\n\n<p>Sin embargo, en las redes sociales se ha estado difundiendo una publicaci\u00f3n que muestra fotos de ambos pol\u00edticos con el siguiente texto: \u201c\u2018Cuando sea Gobernador te expropiar\u00e9 Punta Diamante\u2026 Te la robaste hace 25 a\u00f1os\u2026 Y se la regresar\u00e9 al pueblo de M\u00e9xico\u2019 F\u00e9lix Salgado a Diego\u201d.<\/p>\n\n\n\n<p>Sin embargo, no hay ning\u00fan registro de esa declaraci\u00f3n. La AP revis\u00f3 las declaraciones que Salgado Macedonio ha hecho durante los \u00faltimos meses como aspirante a Gobernador y no hall\u00f3 ninguna referencia.<\/p>\n\n\n\n<p>Su \u00faltimo comentario p\u00fablico fue un tuit de 2019, cuando era Senador por Morena.<\/p>\n\n\n\n<p>Adem\u00e1s, las playas son un bien nacional que son gestionadas por el Gobierno federal y en las que un Gobernador no tendr\u00eda facultades legales.<\/p>\n\n\n\n<p>\u2014 El periodista de la AP Rafael Cabrera verific\u00f3 esta informaci\u00f3n.<\/p>\n\n\n\n<p><strong>ACTRIZ MEXICANA NO SE UNI\u00d3 A COALICI\u00d3N PARTIDISTA<\/strong><\/p>\n\n\n\n<p>LA AFIRMACI\u00d3N: La actriz mexicana Yalitza Aparicio se uni\u00f3 a una coalici\u00f3n electoral de la cual forma parte el Partido Revolucionario Institucional (PRI).<\/p>\n\n\n\n<p>LOS HECHOS: Aparicio, una actriz de origen ind\u00edgena nominada al Oscar en 2019, no se ha unido a la coalici\u00f3n conformada por el PRI y los partidos Acci\u00f3n Nacional (PAN) y de la Revoluci\u00f3n Democr\u00e1tica (PRD), ni busca un cargo a trav\u00e9s de esa alianza.<\/p>\n\n\n\n<p>El 22 de diciembre Alejandro Moreno, Marko Cort\u00e9s y Jes\u00fas Zambrano, l\u00edderes del PRI, PAN y PRD, respectivamente, anunciaron la conformaci\u00f3n de la coalici\u00f3n \u201cVa por M\u00e9xico\u201d.<\/p>\n\n\n\n<p>Los presidentes partidistas coincidieron en que, aunque en elecciones anteriores hab\u00edan sido rivales, decidieron establecer una alianza para recuperar la mayor\u00eda en la C\u00e1mara de Diputados que actualmente est\u00e1 controlada por el partido oficialista Movimiento Regeneraci\u00f3n Nacional (Morena).<\/p>\n\n\n\n<p>Morena fue fundado por L\u00f3pez Obrador en julio de 2014.<\/p>\n\n\n\n<p>Al anunciar la coalici\u00f3n Cort\u00e9s escribi\u00f3 en Twitter que, con la alianza, los partidos buscaban \u201cdetener el retroceso que sufre el pa\u00eds\u201d. Las elecciones en M\u00e9xico est\u00e1n programadas para el 6 de junio.<\/p>\n\n\n\n<p>Una publicaci\u00f3n que circula en Facebook afirma falsamente que Aparicio se uni\u00f3 a la coalici\u00f3n PRI-PAN-PRD. La publicaci\u00f3n utiliza una fotograf\u00eda que muestra a Aparicio acompa\u00f1ada del gobernador de Oaxaca, Alejandro Murat, del PRI, con la esposa de \u00e9ste, Ivette Mor\u00e1n, junto a la afirmaci\u00f3n err\u00f3nea.<\/p>\n\n\n\n<p>Pero Aparicio no ha anunciado que se uni\u00f3 a la coalici\u00f3n ni tampoco que busque alg\u00fan cargo a trav\u00e9s de esa alianza electoral. Adem\u00e1s, la fotograf\u00eda incluida en la publicaci\u00f3n corresponde a la visita en julio de 2019 de Aparicio al festival cultural ind\u00edgena conocido como \u201cLa Guelaguetza\u201d, organizado anualmente en Oaxaca, al sur de M\u00e9xico.<\/p>\n\n\n\n<p>En ese evento Aparicio fue fotografiada junto a Murat y la esposa del Gobernador. Aparicio cobr\u00f3 notoriedad nacional e internacional en 2018 despu\u00e9s de su participaci\u00f3n en la pel\u00edcula&nbsp;<em>Roma<\/em>, dirigida por Alfonso Cuar\u00f3n. El filme obtuvo varios premios Oscar en 2019 y, aunque la debutante actriz no obtuvo el galard\u00f3n, hizo historia al convertirse en la primera ind\u00edgena en ser nominada en la categor\u00eda de mejor actriz.<\/p>\n\n\n\n<p>Aunque Aparicio no se uni\u00f3 a la coalici\u00f3n PRI-PAN-PRD, su hermana, Edith Aparicio, s\u00ed contiende a trav\u00e9s de esa alianza por una diputaci\u00f3n federal en Oaxaca, confirm\u00f3 una vocera del PRI a&nbsp;<em>The Associated Press<\/em>&nbsp;en un mensaje de WhatsApp.<\/p>\n\n\n\n<figure class=\"wp-block-image\"><img decoding=\"async\" src=\"https:\/\/i0.wp.com\/sinembargo.mx\/wp-content\/uploads\/2021\/03\/yalitza-aparicio.jpeg\" alt=\"La actriz oaxaque\u00f1a Yalitza Aparicio. \" class=\"wp-image-3953369\"\/><\/figure>\n\n\n\n<p>La actriz oaxaque\u00f1a Yalitza Aparicio. Foto: Gabriela P\u00e9rez Montiel, Cuartoscuro<\/p>\n\n\n\n<p>\u2014 Marcos Mart\u00ednez Chac\u00f3n<\/p>\n\n\n\n<p><strong>UNIDAD DE INTELIGENCIA FINANCIERA NO CONGEL\u00d3 CUENTAS DE EXPRESIDENTES MEXICANOS<\/strong><\/p>\n\n\n\n<p>LA AFIRMACI\u00d3N: La Unidad de Inteligencia Financiera (UIF) del Gobierno mexicano congel\u00f3 las cuentas bancarias de los expresidentes Carlos Salinas de Gortari (1988-1994) y Enrique Pe\u00f1a Nieto (2012-2018), ambos militantes del Partido Revolucionario Institucional (PRI).<\/p>\n\n\n\n<p>LOS HECHOS: El vocero de la UIF confirm\u00f3 a\u00a0<em>The Associated Press<\/em>\u00a0que es falsa la informaci\u00f3n que circula en las redes sociales.<\/p>\n\n\n\n<p>La UIF que dirige Santiago Nieto es un \u00e1rea creada durante el actual Gobierno de L\u00f3pez Obrador para combatir el lavado de dinero y dem\u00e1s actos de corrupci\u00f3n.<\/p>\n\n\n\n<p>Ante las m\u00faltiples denuncias penales que la UIF ha presentado, en las redes sociales ha comenzado a circular desinformaci\u00f3n sobre los personajes pol\u00edticos que son investigados.<\/p>\n\n\n\n<p>Una publicaci\u00f3n que ha sido compartida recientemente asegura que la Unidad congel\u00f3 las cuentas bancarias de los expresidentes Salinas de Gortari y Pe\u00f1a Nieto.<\/p>\n\n\n\n<blockquote class=\"wp-block-quote is-layout-flow wp-block-quote-is-layout-flow\"><p>\u201cSantiago Nieto congela cuentas de Pe\u00f1a Nieto y Salinas\u201d, dice el titular de una publicaci\u00f3n falsa.<\/p><\/blockquote>\n\n\n\n<p>En el texto, se puede leer: \u201cLos deja en la calle pidiendo limosna. Santiago Nieto le dio tremendo golpe a la econom\u00eda de Salinas y Pe\u00f1a Nieto pues confisc\u00f3 algunas de sus cuentas que presentaban problemas fiscales as\u00ed como algunos fondos que consideraron c\u00f3mo il\u00edcitos\u201d.<\/p>\n\n\n\n<p>Sin embargo, toda esa afirmaci\u00f3n es incorrecta.<\/p>\n\n\n\n<p>La AP consult\u00f3 al vocero de la UIF, quien a trav\u00e9s de WhatsApp respondi\u00f3 que esa publicaci\u00f3n es falsa.<\/p>\n\n\n\n<figure class=\"wp-block-image\"><img decoding=\"async\" src=\"https:\/\/i0.wp.com\/sinembargo.mx\/wp-content\/uploads\/2021\/03\/adolescentes-migrantes-en-texas.jpg\" alt=\"En esta foto del 14 de marzo del 2021, ni\u00f1os y adolescentes migrantes son procesados tras ingresar a un sitio temporal de detenci\u00f3n al sur de Midland, Texas. \" class=\"wp-image-3953371\"\/><\/figure>\n\n\n\n<p>En esta foto del 14 de marzo del 2021, ni\u00f1os y adolescentes migrantes son procesados tras ingresar a un sitio temporal de detenci\u00f3n al sur de Midland, Texas. Foto: Eli Hartman\/Odessa American v\u00eda AP<\/p>\n\n\n\n<p>\u2014 Rafael Cabrera<\/p>\n\n\n\n<p><strong>IMAGEN QUE MUESTRA MIGRANTES CON ESTINO A EU NO ES RECIENTE<\/strong><\/p>\n\n\n\n<p>LA AFIRMACI\u00d3N: Con una fotograf\u00eda reciente que muestra a cientos de migrantes con destino a Estados Unidos, usuarios lamentan que durante la pandemia de COVID-19 las fronteras hayan abierto antes que las escuelas y se preguntan si han sido enga\u00f1ados por el Gobierno.<\/p>\n\n\n\n<p>LOS HECHOS: Una publicaci\u00f3n que se ha compartido miles de veces en Facebook desde el 10 de marzo muestra una fotograf\u00eda en donde se ve a cientos de migrantes viajando con destino a Estados Unidos.<\/p>\n\n\n\n<p>Sobre la imagen se lee una leyenda en ingl\u00e9s que afirma incorrectamente: \u201cCuando las fronteras abren antes que nuestras escuelas \u00bfTe dar\u00e1s cuenta de que has sido enga\u00f1ado?\u201d. Pero la imagen no es reciente.<\/p>\n\n\n\n<p>La fotograf\u00eda fue tomada el 27 de octubre de 2018 por el fot\u00f3grafo Ueslei Marcelino para la agencia de noticias&nbsp;<em>Reuters<\/em>. La descripci\u00f3n de \u00e9sta dice: \u201cUna caravana de miles de migrantes de Am\u00e9rica Central, en ruta a los Estados Unidos, se dirige a San Pedro Tapanatepec desde Arriaga, M\u00e9xico, el 27 de octubre de 2018\u201d.<\/p>\n\n\n\n<p>En ese entonces, Trump era Presidente de Estados Unidos y la pandemia no hab\u00eda iniciado, por lo que las escuelas en ese pa\u00eds operaban con normalidad.<\/p>\n\n\n\n<p>El 27 de octubre de 2018 la AP report\u00f3 que m\u00e1s de un centenar de polic\u00edas federales vestidos con equipos antidisturbios bloquearon una carretera rural en el sur de M\u00e9xico para alentar a los migrantes a solicitar el estatus de refugiados en M\u00e9xico en lugar de continuar el largo y arduo viaje hacia el norte.<\/p>\n\n\n\n<p>Sin embargo, la polic\u00eda permiti\u00f3 que la caravana avanzara despu\u00e9s de que representantes de la Comisi\u00f3n Nacional de Derechos Humanos de M\u00e9xico los convencieron de que un tramo rural de carretera sin sombra, ba\u00f1os, ni agua no era un lugar para que los migrantes recibieran una oferta de asilo.<\/p>\n\n\n\n<p>En ese entonces Trump hab\u00eda instado a M\u00e9xico a evitar que la caravana llegara a la frontera.<\/p>\n\n\n\n<p>Como respuesta Enrique Pe\u00f1a Nieto, Presidente de M\u00e9xico en ese momento, lanz\u00f3 un programa denominado \u201cEst\u00e1s en casa\u201d, que promet\u00eda albergue, atenci\u00f3n m\u00e9dica, educaci\u00f3n y trabajo a los centroamericanos que accedieran a quedarse en los estados mexicanos sure\u00f1os de Chiapas o Oaxaca, lejos de la frontera con Estados Unidos.<\/p>\n\n\n\n<figure class=\"wp-block-image\"><img decoding=\"async\" src=\"https:\/\/i0.wp.com\/sinembargo.mx\/wp-content\/uploads\/2021\/03\/joe-biden.jpg\" alt=\"El Presidente Joe Biden habla sobre las labores para combatir a la COVID-19, el martes 2 de marzo de 2021, en la Casa Blanca, en Washington.\" class=\"wp-image-3947216\"\/><\/figure>\n\n\n\n<p>El Presidente Joe Biden habla sobre las labores para combatir a la COVID-19, el martes 2 de marzo de 2021, en la Casa Blanca, en Washington. Foto: Evan Vucci, AP<\/p>\n\n\n\n<p>Recientemente, durante una entrevista con&nbsp;<em>ABC News<\/em>, el Presidente estadounidense Joe Biden pidi\u00f3 a los migrantes que viajan a la frontera entre Estados Unidos y M\u00e9xico que \u201cno vengan\u201d. El mandatario enfatiz\u00f3 que Estados Unidos sigue bloqueando a la mayor\u00eda de los adultos solicitantes de asilo y a muchas familias por lo que las fronteras no est\u00e1n abiertas como se asegura falsamente en la publicaci\u00f3n.<\/p>\n\n\n\n<p>En la entrevista transmitida en su totalidad este mi\u00e9rcoles, Biden critic\u00f3 el proceso existente para los migrantes. \u201cTienes que intentar controlar el desastre que se hered\u00f3\u201d, dijo.<\/p>\n\n\n\n<p>Por \u00faltimo, este mi\u00e9rcoles la AP report\u00f3 que el Gobierno de Biden convoc\u00f3 a una reuni\u00f3n la semana pr\u00f3xima para discutir c\u00f3mo enviar a los ni\u00f1os de regreso a las aulas en medio de la pandemia de coronavirus.<\/p>\n\n\n\n<p>Biden prometi\u00f3 abrir la mayor\u00eda de las escuelas primarias y secundarias durante los primeros 100 d\u00edas de su Presidencia. Ha ordenado a los estados que den prioridad a los docentes en sus campa\u00f1as de vacunaci\u00f3n y los Centros de Control y Prevenci\u00f3n de Enfermedades (CDC) han emitido gu\u00edas para ayudar a la reapertura. Pero una de esas normas, la de una distancia de 1.8 metros (6 pies) entre los estudiantes parece dif\u00edcil de lograr.<\/p>\n\n\n\n<p>\u2014 La periodista de la AP Abril Mulato verific\u00f3 esta informaci\u00f3n.<\/p>\n\n\n\n<p><strong>PERIODISTA NO TUITE\u00d3 QUE EN HONDURAS CONVICTOS Y NARCOTRAFICANTES OCUPAN CARGOS EN GOBIERNO<\/strong><\/p>\n\n\n\n<p>LA AFIRMACI\u00d3N: El periodista mexicano Luis Fernando del Rinc\u00f3n public\u00f3 un tuit en el que asegura que Honduras es el \u00fanico pa\u00eds que le da prioridad a los convictos y narcotraficantes para obtener cargos en el Gobierno.<\/p>\n\n\n\n<p>LOS HECHOS: La AP revis\u00f3 la cuenta oficial de Twitter del periodista y no encontr\u00f3 dicha publicaci\u00f3n.<\/p>\n\n\n\n<p>Tambi\u00e9n se realiz\u00f3 una b\u00fasqueda con la herramienta Wayback Machine y no se encontr\u00f3 evidencia de que el tuit haya sido eliminado. Tampoco se encontraron registros del tuit en el cach\u00e9 de Google.<\/p>\n\n\n\n<p>Una imagen que se ha compartido miles de veces en Facebook muestra una captura de pantalla ap\u00f3crifa de un tuit de Del Rinc\u00f3n que dice: \u201c@Honduras es el \u00fanico pa\u00eds del mundo que le da prioridad a los convictos y narcotraficantes para obtener cargos en el Gobierno mientras los hondure\u00f1os honestos mendigan alimento y empleo\u201d.<\/p>\n\n\n\n<p>Pero la AP no encontr\u00f3 evidencia de que el periodista haya publicado dicho mensaje y Del Rinc\u00f3n confirm\u00f3 a trav\u00e9s de un correo electr\u00f3nico que la publicaci\u00f3n es falsa.<\/p>\n\n\n\n<p>El 10 de marzo la AP report\u00f3 que Devis Leonel Rivera Maradiaga, exl\u00edder del c\u00e1rtel Los Cachiros, habl\u00f3 durante un juicio en Nueva York sobre la droga, la violencia y el lavado de dinero que marcaron su vida en Honduras.<\/p>\n\n\n\n<p>Rivera Maradiaga relat\u00f3 parte de su historia en el juicio a un supuesto narcotraficante llamado Geovanny Fuentes Ram\u00edrez que ha acaparado la atenci\u00f3n de muchos hondure\u00f1os.<\/p>\n\n\n\n<p>Los fiscales estadounidenses mencionaron al Presidente hondure\u00f1o Juan Orlando Hern\u00e1ndez varias veces en el juicio y han asegurado que acept\u00f3 sobornos a cambio de permitir el tr\u00e1fico de drogas en su pa\u00eds.<\/p>\n\n\n\n<p>Rivera Maradiaga ha testificado en el pasado en otros juicios e implicado ya a Hern\u00e1ndez en el narcotr\u00e1fico. El mandatario no enfrenta ning\u00fan cargo y ha negado las acusaciones repetidamente.<\/p>\n\n\n\n<p>\u2014 Abril Mulato<\/p>\n\n\n\n<p><strong>Fuente: <\/strong>sinembargo<\/p>\n","protected":false},"excerpt":{"rendered":"<p>Un resumen de las&nbsp;historias&nbsp;e&nbsp;im\u00e1genes&nbsp;m\u00e1s populares, pero completamente&nbsp;falsas&nbsp;de la semana. Ninguna de \u00e9stas es leg\u00edtima, a pesar de que se compartieron ampliamente en las&nbsp;redes sociales.&nbsp;The Associated Press&nbsp;las verific\u00f3. Aqu\u00ed est\u00e1n los hechos: ISLANDIA NO LEVANT\u00d3 LA TOTALIDAD DE LAS RESTRICCIONES POR LA COVID-19 LA AFIRMACI\u00d3N: Un video muestra un evento masivo en Islandia que ocurri\u00f3 despu\u00e9s [&hellip;]<\/p>\n","protected":false},"author":2,"featured_media":89044,"comment_status":"open","ping_status":"open","sticky":false,"template":"","format":"standard","meta":{"footnotes":""},"categories":[55],"tags":[],"class_list":["post-89043","post","type-post","status-publish","format-standard","has-post-thumbnail","hentry","category-nacionales"],"_links":{"self":[{"href":"http:\/\/elcuartopoder.com.mx\/nw\/wp-json\/wp\/v2\/posts\/89043","targetHints":{"allow":["GET"]}}],"collection":[{"href":"http:\/\/elcuartopoder.com.mx\/nw\/wp-json\/wp\/v2\/posts"}],"about":[{"href":"http:\/\/elcuartopoder.com.mx\/nw\/wp-json\/wp\/v2\/types\/post"}],"author":[{"embeddable":true,"href":"http:\/\/elcuartopoder.com.mx\/nw\/wp-json\/wp\/v2\/users\/2"}],"replies":[{"embeddable":true,"href":"http:\/\/elcuartopoder.com.mx\/nw\/wp-json\/wp\/v2\/comments?post=89043"}],"version-history":[{"count":1,"href":"http:\/\/elcuartopoder.com.mx\/nw\/wp-json\/wp\/v2\/posts\/89043\/revisions"}],"predecessor-version":[{"id":89045,"href":"http:\/\/elcuartopoder.com.mx\/nw\/wp-json\/wp\/v2\/posts\/89043\/revisions\/89045"}],"wp:featuredmedia":[{"embeddable":true,"href":"http:\/\/elcuartopoder.com.mx\/nw\/wp-json\/wp\/v2\/media\/89044"}],"wp:attachment":[{"href":"http:\/\/elcuartopoder.com.mx\/nw\/wp-json\/wp\/v2\/media?parent=89043"}],"wp:term":[{"taxonomy":"category","embeddable":true,"href":"http:\/\/elcuartopoder.com.mx\/nw\/wp-json\/wp\/v2\/categories?post=89043"},{"taxonomy":"post_tag","embeddable":true,"href":"http:\/\/elcuartopoder.com.mx\/nw\/wp-json\/wp\/v2\/tags?post=89043"}],"curies":[{"name":"wp","href":"https:\/\/api.w.org\/{rel}","templated":true}]}}