{"id":89190,"date":"2021-03-25T09:23:31","date_gmt":"2021-03-25T14:23:31","guid":{"rendered":"http:\/\/elcuartopoder.com.mx\/nw\/?p=89190"},"modified":"2021-03-25T09:23:34","modified_gmt":"2021-03-25T14:23:34","slug":"reaparece-capella-para-hablar-de-orden-de-aprehension-de-florian-tudor-y-afirma-que-sigue-siendo-jefe-policiaco","status":"publish","type":"post","link":"http:\/\/elcuartopoder.com.mx\/nw\/estatales\/reaparece-capella-para-hablar-de-orden-de-aprehension-de-florian-tudor-y-afirma-que-sigue-siendo-jefe-policiaco\/","title":{"rendered":"Reaparece Capella para hablar de orden de aprehensi\u00f3n de Florian Tudor y afirma que sigue siendo jefe policiaco"},"content":{"rendered":"\n<p class=\"wp-block-paragraph\">Jes\u00fas Alberto Capella Ibarra, Secretario de Seguridad P\u00fablica de Quintana Roo separado del cargo, reapareci\u00f3 este martes en entrevista con Milenio dio a conocer que sigue al mando de la corporaci\u00f3n y contin\u00faa trabajando en las mesas de seguridad.<\/p>\n\n\n\n<p class=\"wp-block-paragraph\">\u201cEn las mesas de trabajo que durante mucho tiempo e inclusive yo en mi calidad de funcionario p\u00fablico porque sigo siendo secretario de Seguridad P\u00fablica del Estado con licencia\u201d, expres\u00f3 Alberto Capella durante la entrevista.<\/p>\n\n\n\n<p class=\"wp-block-paragraph\">Este martes se dio a conocer que Florian Tudor, quien es se\u00f1alado de tener una mafia rumana en M\u00e9xico, ya tiene orden de aprehensi\u00f3n en su pa\u00eds, por lo que Jes\u00fas Alberto Capella sali\u00f3 a declarar respecto al tema.<\/p>\n\n\n\n<h1 class=\"wp-block-heading\">Florian Tudor, de la mafia rumana en M\u00e9xico, ya tiene orden de aprehensi\u00f3n en Rumania<\/h1>\n\n\n\n<p class=\"wp-block-paragraph\">Los jueces del tribunal de Bucarest, en&nbsp;<strong>Rumania<\/strong>, concedieron una<strong>&nbsp;orden de aprehensi\u00f3n<\/strong>&nbsp;contra el empresario&nbsp;<strong>Florian Tudor<\/strong>, vinculado con la llamada&nbsp;<strong>mafia rumana<\/strong>&nbsp;o&nbsp;<strong>Banda de la Riviera Maya<\/strong>.<\/p>\n\n\n\n<p class=\"wp-block-paragraph\">Cabe recordar que esta banda ha sido identificada por autoridades mexicanas por dedicarse a la&nbsp;<strong>clonaci\u00f3n de tarjetas bancarias<\/strong>&nbsp;en destinos tur\u00edsticos de M\u00e9xico.<\/p>\n\n\n\n<p class=\"wp-block-paragraph\">Por esta raz\u00f3n, un Tribunal de Bucarest otorg\u00f3 una\u00a0orden de aprehensi\u00f3n en contra de\u00a0Florian Tudor, alias \u201c<strong>El Tibur\u00f3n<\/strong>\u201d, quien est\u00e1 acusado de robar datos y retirar el dinero de cuentas en diferentes destinos tur\u00edsticos de M\u00e9xico, como Canc\u00fan, Sayulita, Tijuana, entre otros.<\/p>\n\n\n\n<p class=\"wp-block-paragraph\">Tambi\u00e9n est\u00e1 acusado de chantaje,<strong>&nbsp;intento de asesinato<\/strong>, creaci\u00f3n de un grupo delictivo, extorsi\u00f3n y posesi\u00f3n ilegal de armas, hechos presuntamente ocurridos en M\u00e9xico.<\/p>\n\n\n\n<p class=\"wp-block-paragraph\">Las autoridades rumanas expresaron que se realizan investigaciones desde el 2012 sobre un grupo de crimen organizado de ciudadanos rumanos que operan desde Canc\u00fan, Quintana Roo, liderados por \u201cEl Tibur\u00f3n\u201d.<\/p>\n\n\n\n<p class=\"wp-block-paragraph\">Despu\u00e9s que el 26 de febrero la Direcci\u00f3n de Investigaci\u00f3n contra Delincuencia Organizada y Terrorismo (<strong>DIICOT<\/strong>), de la&nbsp;<strong>fiscal\u00eda rumana<\/strong>, pidi\u00f3 el arresto de Tudor, el Tribunal de Bucarest revis\u00f3 el caso.<\/p>\n\n\n\n<p class=\"wp-block-paragraph\">Tras el an\u00e1lisis, se detect\u00f3 un error de procedimiento en la audiencia celebrada el 9 de marzo, permitiendo que el imputado fuera citado en el domicilio donde reside, aunque sea en M\u00e9xico, para conceder su derecho de audiencia ante un juez.<\/p>\n\n\n\n<p class=\"wp-block-paragraph\">Los fiscales rumanos han se\u00f1alado que Tudor es un peligro para el orden p\u00fablico por lo que han considerado que su detenci\u00f3n garantizar\u00eda que no huya de M\u00e9xico.<\/p>\n\n\n\n<p class=\"wp-block-paragraph\">No obstante, entre M\u00e9xico y Rumania<strong>&nbsp;no existe un tratado de extradici\u00f3n<\/strong>&nbsp;por lo que se deber\u00e1n establecer condiciones de colaboraci\u00f3n entre ambos pa\u00edses para conseguir la detenci\u00f3n y posible extradici\u00f3n.<\/p>\n\n\n\n<p class=\"wp-block-paragraph\">Finalmente, el pasado 3 de marzo, la Secretaria de Seguridad y Protecci\u00f3n Ciudadana,&nbsp;<strong>Rosa Icela Rodr\u00edguez<\/strong>, convers\u00f3 con el empresario Florian Tudor.<\/p>\n\n\n\n<p class=\"wp-block-paragraph\">\u201dLa servidora p\u00fablica [Rosa Icela Rodr\u00edguez] atendi\u00f3 la solicitud del ciudadano de origen rumano, de ser escuchado por las autoridades del Gobierno de la Rep\u00fablica\u201d, expuso la SSPC.<\/p>\n\n\n\n<p class=\"wp-block-paragraph\"><strong>Fuente:<\/strong> marcrixnoticias<\/p>\n\n\n\n<p class=\"wp-block-paragraph\"><br><\/p>\n","protected":false},"excerpt":{"rendered":"<p>Jes\u00fas Alberto Capella Ibarra, Secretario de Seguridad P\u00fablica de Quintana Roo separado del cargo, reapareci\u00f3 este martes en entrevista con Milenio dio a conocer que sigue al mando de la corporaci\u00f3n y contin\u00faa trabajando en las mesas de seguridad. \u201cEn las mesas de trabajo que durante mucho tiempo e inclusive yo en mi calidad de [&hellip;]<\/p>\n","protected":false},"author":2,"featured_media":89191,"comment_status":"open","ping_status":"open","sticky":false,"template":"","format":"standard","meta":{"footnotes":""},"categories":[60],"tags":[],"class_list":["post-89190","post","type-post","status-publish","format-standard","has-post-thumbnail","hentry","category-estatales"],"_links":{"self":[{"href":"http:\/\/elcuartopoder.com.mx\/nw\/wp-json\/wp\/v2\/posts\/89190","targetHints":{"allow":["GET"]}}],"collection":[{"href":"http:\/\/elcuartopoder.com.mx\/nw\/wp-json\/wp\/v2\/posts"}],"about":[{"href":"http:\/\/elcuartopoder.com.mx\/nw\/wp-json\/wp\/v2\/types\/post"}],"author":[{"embeddable":true,"href":"http:\/\/elcuartopoder.com.mx\/nw\/wp-json\/wp\/v2\/users\/2"}],"replies":[{"embeddable":true,"href":"http:\/\/elcuartopoder.com.mx\/nw\/wp-json\/wp\/v2\/comments?post=89190"}],"version-history":[{"count":1,"href":"http:\/\/elcuartopoder.com.mx\/nw\/wp-json\/wp\/v2\/posts\/89190\/revisions"}],"predecessor-version":[{"id":89192,"href":"http:\/\/elcuartopoder.com.mx\/nw\/wp-json\/wp\/v2\/posts\/89190\/revisions\/89192"}],"wp:featuredmedia":[{"embeddable":true,"href":"http:\/\/elcuartopoder.com.mx\/nw\/wp-json\/wp\/v2\/media\/89191"}],"wp:attachment":[{"href":"http:\/\/elcuartopoder.com.mx\/nw\/wp-json\/wp\/v2\/media?parent=89190"}],"wp:term":[{"taxonomy":"category","embeddable":true,"href":"http:\/\/elcuartopoder.com.mx\/nw\/wp-json\/wp\/v2\/categories?post=89190"},{"taxonomy":"post_tag","embeddable":true,"href":"http:\/\/elcuartopoder.com.mx\/nw\/wp-json\/wp\/v2\/tags?post=89190"}],"curies":[{"name":"wp","href":"https:\/\/api.w.org\/{rel}","templated":true}]}}