{"id":89199,"date":"2021-03-25T09:31:43","date_gmt":"2021-03-25T14:31:43","guid":{"rendered":"http:\/\/elcuartopoder.com.mx\/nw\/?p=89199"},"modified":"2021-03-25T09:31:45","modified_gmt":"2021-03-25T14:31:45","slug":"cumplir-la-ley-no-depende-de-la-firma-de-un-acuerdo-ine","status":"publish","type":"post","link":"http:\/\/elcuartopoder.com.mx\/nw\/nacionales\/cumplir-la-ley-no-depende-de-la-firma-de-un-acuerdo-ine\/","title":{"rendered":"Cumplir la ley no depende de la firma de un acuerdo: INE"},"content":{"rendered":"\n<p class=\"wp-block-paragraph\">El consejero presidente del Instituto Nacional Electoral (INE), Lorenzo C\u00f3rdova, apunt\u00f3 que el cumplimiento de la ley no depende de la firma de un acuerdo, pues la legislaci\u00f3n existe y hay la obligaci\u00f3n de respetarla.<\/p>\n\n\n\n<p class=\"wp-block-paragraph\">Lorenzo C\u00f3rdova subray\u00f3 que si el INE no estuvo presente en el Acuerdo Nacional por la Democracia, que firmaron el martes el presidente Andr\u00e9s Manuel L\u00f3pez Obrador y mandatarios estatales, fue porque el organismo no fue convocado.<\/p>\n\n\n\n<p class=\"wp-block-paragraph\">\u201cEl INE no fue convocado, es una cuesti\u00f3n entre actores pol\u00edticos, entre los gobernantes, en donde se comprometieron a respetar la ley, que bueno. Desde el INE celebramos todos los acuerdos, todos los esfuerzos pol\u00edticos que se hagan en este sentido, para generar convergencias, para respetar la ley, bienvenidos\u201d, se\u00f1al\u00f3.<\/p>\n\n\n\n<p class=\"wp-block-paragraph\">Respecto a la posibilidad de que el INE convoque a la firma de un acuerdo similar, el consejero presidente se\u00f1al\u00f3 que si exista la necesidad de hacerlo, lo lleva a cabo.<\/p>\n\n\n\n<p class=\"wp-block-paragraph\">Sin embargo, el INE convoca, subray\u00f3, a que todas y todos los mexicanos, todas y todos los servidores p\u00fablicos, quienes sean, de cualquier nivel y fuerza pol\u00edtica, cumplan con la ley.<\/p>\n\n\n\n<p class=\"wp-block-paragraph\">\u201cA eso es a lo que convocamos, a eso estamos obligados\u201d, puntualiz\u00f3.<\/p>\n\n\n\n<p class=\"wp-block-paragraph\"><strong>Fuente: <\/strong>XEU<\/p>\n","protected":false},"excerpt":{"rendered":"<p>El consejero presidente del Instituto Nacional Electoral (INE), Lorenzo C\u00f3rdova, apunt\u00f3 que el cumplimiento de la ley no depende de la firma de un acuerdo, pues la legislaci\u00f3n existe y hay la obligaci\u00f3n de respetarla. Lorenzo C\u00f3rdova subray\u00f3 que si el INE no estuvo presente en el Acuerdo Nacional por la Democracia, que firmaron el [&hellip;]<\/p>\n","protected":false},"author":2,"featured_media":89200,"comment_status":"open","ping_status":"open","sticky":false,"template":"","format":"standard","meta":{"footnotes":""},"categories":[55],"tags":[],"class_list":["post-89199","post","type-post","status-publish","format-standard","has-post-thumbnail","hentry","category-nacionales"],"_links":{"self":[{"href":"http:\/\/elcuartopoder.com.mx\/nw\/wp-json\/wp\/v2\/posts\/89199","targetHints":{"allow":["GET"]}}],"collection":[{"href":"http:\/\/elcuartopoder.com.mx\/nw\/wp-json\/wp\/v2\/posts"}],"about":[{"href":"http:\/\/elcuartopoder.com.mx\/nw\/wp-json\/wp\/v2\/types\/post"}],"author":[{"embeddable":true,"href":"http:\/\/elcuartopoder.com.mx\/nw\/wp-json\/wp\/v2\/users\/2"}],"replies":[{"embeddable":true,"href":"http:\/\/elcuartopoder.com.mx\/nw\/wp-json\/wp\/v2\/comments?post=89199"}],"version-history":[{"count":1,"href":"http:\/\/elcuartopoder.com.mx\/nw\/wp-json\/wp\/v2\/posts\/89199\/revisions"}],"predecessor-version":[{"id":89201,"href":"http:\/\/elcuartopoder.com.mx\/nw\/wp-json\/wp\/v2\/posts\/89199\/revisions\/89201"}],"wp:featuredmedia":[{"embeddable":true,"href":"http:\/\/elcuartopoder.com.mx\/nw\/wp-json\/wp\/v2\/media\/89200"}],"wp:attachment":[{"href":"http:\/\/elcuartopoder.com.mx\/nw\/wp-json\/wp\/v2\/media?parent=89199"}],"wp:term":[{"taxonomy":"category","embeddable":true,"href":"http:\/\/elcuartopoder.com.mx\/nw\/wp-json\/wp\/v2\/categories?post=89199"},{"taxonomy":"post_tag","embeddable":true,"href":"http:\/\/elcuartopoder.com.mx\/nw\/wp-json\/wp\/v2\/tags?post=89199"}],"curies":[{"name":"wp","href":"https:\/\/api.w.org\/{rel}","templated":true}]}}