{"id":89234,"date":"2021-03-25T20:48:08","date_gmt":"2021-03-26T01:48:08","guid":{"rendered":"http:\/\/elcuartopoder.com.mx\/nw\/?p=89234"},"modified":"2021-03-25T20:48:10","modified_gmt":"2021-03-26T01:48:10","slug":"sindica-del-ayuntamiento-de-fcp-acusa-al-alcalde-de-llenar-la-nomina-con-aviadores","status":"publish","type":"post","link":"http:\/\/elcuartopoder.com.mx\/nw\/municipales\/sindica-del-ayuntamiento-de-fcp-acusa-al-alcalde-de-llenar-la-nomina-con-aviadores\/","title":{"rendered":"S\u00edndica del Ayuntamiento de FCP Acusa al Alcalde de Llenar la N\u00f3mina con \u201cAviadores\u201d"},"content":{"rendered":"\n<p class=\"wp-block-paragraph\">La s\u00edndico de la comuna carrilloportense, Reyna Anita Hau Morales, atribuy\u00f3 las dificultades del Ayuntamiento para solventar las prestaciones de los trabajadores al incremento de la plantilla de personal y al pago de favores pol\u00edticos a allegados, del edil Jos\u00e9 Esquivel Vargas, a los que calific\u00f3 de \u201caviadores\u201d.<\/p>\n\n\n\n<p class=\"wp-block-paragraph\">Al referirse a los reiterados reclamos de los empleados municipales por falta de pago, a\u00f1adi\u00f3 que esos allegados que ahora figuran en la n\u00f3mina son gente que oper\u00f3 durante la campa\u00f1a de Esquivel Vargas para llegar a la Presidencia.<\/p>\n\n\n\n<p class=\"wp-block-paragraph\">Asegur\u00f3 que las arcas municipales est\u00e1n sumamente laceradas, a tal grado de que el pago de la n\u00f3mina de trabajadores al servicio del Ayuntamiento es insostenible.<\/p>\n\n\n\n<p class=\"wp-block-paragraph\">Por ello, indic\u00f3 que el cuerpo colegiado solicit\u00f3 en d\u00edas pasados la comparecencia del Secretario de Hacienda Municipal, Melchor G\u00f3mez Rivera, para que d\u00e9 a conocer&nbsp; la n\u00f3mina actual, y el recurso que erogan por el concepto de pago de trabajadores sindicalizados, eventuales y de confianza.<\/p>\n\n\n\n<div class=\"wp-block-image\"><figure class=\"aligncenter\"><img decoding=\"async\" src=\"https:\/\/cambio22.info\/wp-content\/uploads\/2021\/03\/AVIA2.jpg\" alt=\"\" class=\"wp-image-30971\"\/><\/figure><\/div>\n\n\n\n<p class=\"wp-block-paragraph\">Dijo que a pesar de la solicitud, hasta el momento no han recibido la respuesta a los oficios enviados a la oficina de la Tesorer\u00eda Municipal, por lo que requerir\u00e1n nuevamente que G\u00f3mez Rivera informe la situaci\u00f3n actual del Ayuntamiento, toda vez que los aguinaldos y prima vacacional de algunos trabajadores de confianza no han sido cubiertos al 100 por ciento.<\/p>\n\n\n\n<p class=\"wp-block-paragraph\">La S\u00edndica destac\u00f3 que la constante alta de personal de nuevo ingreso es un secreto a voces, a pesar de que las arcas municipales carecen de recursos para solventar la n\u00f3mina existente.<\/p>\n\n\n\n<p class=\"wp-block-paragraph\">Ante esta situaci\u00f3n tambi\u00e9n requerir\u00e1n la informaci\u00f3n al Secretario de Administraci\u00f3n, Marco Antonio Ab\u00e1n Uc, y al Contralor, Mauricio Tun.<\/p>\n\n\n\n<p class=\"wp-block-paragraph\"><strong>Fuente:&nbsp;<\/strong>cambio22<br><br><\/p>\n","protected":false},"excerpt":{"rendered":"<p>La s\u00edndico de la comuna carrilloportense, Reyna Anita Hau Morales, atribuy\u00f3 las dificultades del Ayuntamiento para solventar las prestaciones de los trabajadores al incremento de la plantilla de personal y al pago de favores pol\u00edticos a allegados, del edil Jos\u00e9 Esquivel Vargas, a los que calific\u00f3 de \u201caviadores\u201d. Al referirse a los reiterados reclamos de [&hellip;]<\/p>\n","protected":false},"author":2,"featured_media":89235,"comment_status":"open","ping_status":"open","sticky":false,"template":"","format":"standard","meta":{"footnotes":""},"categories":[6],"tags":[],"class_list":["post-89234","post","type-post","status-publish","format-standard","has-post-thumbnail","hentry","category-municipales"],"_links":{"self":[{"href":"http:\/\/elcuartopoder.com.mx\/nw\/wp-json\/wp\/v2\/posts\/89234","targetHints":{"allow":["GET"]}}],"collection":[{"href":"http:\/\/elcuartopoder.com.mx\/nw\/wp-json\/wp\/v2\/posts"}],"about":[{"href":"http:\/\/elcuartopoder.com.mx\/nw\/wp-json\/wp\/v2\/types\/post"}],"author":[{"embeddable":true,"href":"http:\/\/elcuartopoder.com.mx\/nw\/wp-json\/wp\/v2\/users\/2"}],"replies":[{"embeddable":true,"href":"http:\/\/elcuartopoder.com.mx\/nw\/wp-json\/wp\/v2\/comments?post=89234"}],"version-history":[{"count":1,"href":"http:\/\/elcuartopoder.com.mx\/nw\/wp-json\/wp\/v2\/posts\/89234\/revisions"}],"predecessor-version":[{"id":89236,"href":"http:\/\/elcuartopoder.com.mx\/nw\/wp-json\/wp\/v2\/posts\/89234\/revisions\/89236"}],"wp:featuredmedia":[{"embeddable":true,"href":"http:\/\/elcuartopoder.com.mx\/nw\/wp-json\/wp\/v2\/media\/89235"}],"wp:attachment":[{"href":"http:\/\/elcuartopoder.com.mx\/nw\/wp-json\/wp\/v2\/media?parent=89234"}],"wp:term":[{"taxonomy":"category","embeddable":true,"href":"http:\/\/elcuartopoder.com.mx\/nw\/wp-json\/wp\/v2\/categories?post=89234"},{"taxonomy":"post_tag","embeddable":true,"href":"http:\/\/elcuartopoder.com.mx\/nw\/wp-json\/wp\/v2\/tags?post=89234"}],"curies":[{"name":"wp","href":"https:\/\/api.w.org\/{rel}","templated":true}]}}