{"id":89255,"date":"2021-03-26T09:49:07","date_gmt":"2021-03-26T14:49:07","guid":{"rendered":"http:\/\/elcuartopoder.com.mx\/nw\/?p=89255"},"modified":"2021-03-26T09:49:08","modified_gmt":"2021-03-26T14:49:08","slug":"checo-perez-de-hacer-postres-para-sobrevivir-a-alcanzar-la-elite-de-la-formula-1","status":"publish","type":"post","link":"http:\/\/elcuartopoder.com.mx\/nw\/entretenimiento\/deportes\/checo-perez-de-hacer-postres-para-sobrevivir-a-alcanzar-la-elite-de-la-formula-1\/","title":{"rendered":"Checo P\u00e9rez: de hacer postres para sobrevivir a alcanzar la \u00e9lite de la F\u00f3rmula 1"},"content":{"rendered":"\n<p class=\"wp-block-paragraph\">Antonio P\u00e9rez, padre de\u00a0Checo, recibi\u00f3 una llamada de Felipe Calder\u00f3n, expresidente de M\u00e9xico. \u201cCheco va a ganar la carrera, ya apost\u00e9\u201d, le dijo horas antes de que iniciara el Gran Premio de Sakhir, en diciembre pasado. P\u00e9rez, un tanto incr\u00e9dulo, agradeci\u00f3 el gesto. Ning\u00fan ferviente analista de la\u00a0F\u00f3rmula 1\u00a0ni en la familia P\u00e9rez esperaban que el piloto mexicano ganara la carrera. Y mucho menos cuando en la primera vuelta termin\u00f3 relegado al \u00faltimo lugar. En una de las m\u00edticas carreras de la historia, sali\u00f3 del fondo para\u00a0ganar, el primer triunfo en 10 a\u00f1os de carrera.<\/p>\n\n\n\n<p class=\"wp-block-paragraph\">La temporada 2020 fue una monta\u00f1a rusa para Sergio\u00a0<em>Checo<\/em>\u00a0P\u00e9rez (Guadalajara, 31 a\u00f1os). Se perdi\u00f3 dos fechas del campeonato tras\u00a0infectarse de la covid-19\u00a0en septiembre pasado, su antigua escuder\u00eda, Racing Point, le cort\u00f3 del grupo. \u201cLo m\u00e1s duro que ha vivido Sergio fue el despido de Racing Point pese a que haya salvado al equipo y a todos los trabajadores\u201d, cuenta a EL PA\u00cdS Antonio P\u00e9rez, el padre del piloto. Salvo esos momentos de incertidumbre, el \u00fanico latinoamericano en la F\u00f3rmula 1 cerr\u00f3 su mejor temporada al terminar en el cuarto lugar de pilotos con dos podios, entre ellos la victoria en Sakhir.<\/p>\n\n\n\n<p class=\"wp-block-paragraph\">Red Bull Racing\u00a0ten\u00eda en la mira a Checo P\u00e9rez y al finalizar la campa\u00f1a le anunciaron como su nuevo piloto. \u201cTrabaj\u00f3 20 a\u00f1os para este momento, ser\u00e1 el episodio m\u00e1s importante de su vida y le he aconsejado que lo disfrute\u201d, agrega su padre. El piloto mexicano comenz\u00f3 su carrera en los<em>\u00a0go karts<\/em>\u00a0en Guadalajara. El deseo de ser un piloto profesional lo llev\u00f3 a convertirse en uno de los talentos del futuro de la Escuder\u00eda Telmex, un proyecto automotriz del\u00a0magnate Carlos Slim. Con 15 a\u00f1os hizo las maletas para mudarse a vivir solo en Alemania para escalar en las divisiones del automovilismo. \u201cEs un ni\u00f1o que empez\u00f3 a trabajar en un restaurante de lunes a viernes. \u00c9l hac\u00eda postres y los fines de semana corr\u00eda\u201d, rememora Antonio P\u00e9rez.<\/p>\n\n\n\n<p class=\"wp-block-paragraph\">Tras superar las categor\u00edas inferiores, Checo P\u00e9rez se estren\u00f3 en la F\u00f3rmula 1 con Sauber en 2011. Con tan solo dos a\u00f1os en las pistas, McLaren le fich\u00f3 para ser el reemplazo de\u00a0Lewis Hamilton, aunque no pudo brillar en la escuder\u00eda. Sus ocho temporadas en Force India\/Racing Point le valieron para subirse al podio diez veces: el triunfo en Sakhir, tres segundos lugares (Malasia e Italia en 2012, y Turqu\u00eda en 2020) y seis terceros lugares (Canad\u00e1, en 2012; Bahr\u00e9in, en 2014; Rusia, en 2015, M\u00f3naco y Bak\u00fa en 2016 y 2018).<\/p>\n\n\n\n<p class=\"wp-block-paragraph\">Antes de firmar por un a\u00f1o con su nueva escuder\u00eda,\u00a0Checo P\u00e9rez\u00a0estaba en una encrucijada. Al no tener equipo ni una gran oferta, el mexicano hab\u00eda anunciado que prefer\u00eda retirarse del automovilismo. Su gran temporada en 2020 fue un giro brutal que lo situ\u00f3 en el escaparate de la escuder\u00eda de la bebida energ\u00e9tica. \u201cCheco se lo plante\u00f3 as\u00ed: \u2018O consigo algo para adelante o nada para atr\u00e1s\u201d, recuerda Antonio P\u00e9rez.<\/p>\n\n\n\n<div class=\"wp-block-image\"><figure class=\"alignright is-resized\"><img loading=\"lazy\" decoding=\"async\" src=\"https:\/\/imagenes.elpais.com\/resizer\/lcRl8JZR2D31VBIMgHBgzF6jHDs=\/414x0\/cloudfront-eu-central-1.images.arcpublishing.com\/prisa\/OI5CM3F2YNG5ZAHUU67SBKF5L4.jpg\" alt=\"El piloto mexicano Checo P\u00e9rez, durante la pretemporada con Red Bull. El casco que utilizar\u00e1 este a\u00f1o est\u00e1 modificado con una bandera mexicana.\" width=\"334\" height=\"223\"\/><figcaption>El piloto mexicano Checo P\u00e9rez, durante la pretemporada con Red Bull. El casco que utilizar\u00e1 este a\u00f1o est\u00e1 modificado con una bandera mexicana.MARK THOMPSON \/ GETTY<\/figcaption><\/figure><\/div>\n\n\n\n<p class=\"wp-block-paragraph\">\u201cDe todos los equipos de F\u00f3rmula 1 que me puedes poner, nunca me pas\u00f3 la mente que pod\u00eda llegar a Red Bull. Normalmente est\u00e1n apoyando a los j\u00f3venes de su academia. Llegar por fuera es especial\u201d, dijo P\u00e9rez al equipo de comunicaci\u00f3n de su escuder\u00eda. Las expectativas sobre Checo P\u00e9rez se han elevado en M\u00e9xico. Sin embargo, el piloto sabe cu\u00e1l es su papel en el equipo: ser\u00e1 el fiel escudero de\u00a0Max Verstappen, conductor principal. \u201cSergio no fue contratado para llegar a pelear con Max\u201d, resume Carlos Jalife, analista de la F\u00f3rmula 1 en la revista\u00a0<em>FastMag<\/em>. \u201cAl ser el\u00a0<em>n\u00famero dos<\/em>, eso puede llevar a que si Sergio llegara a estar adelante, no ser\u00eda impensable que entraran en juego las \u00f3rdenes de equipo y tuviera que ceder el sitio a su coequipero, que es el elegido para pelear por la corona\u201d, suma Jalife.<\/p>\n\n\n\n<p class=\"wp-block-paragraph\">Verstappen y Checo P\u00e9rez tienen la meta de destronar a Mercedes, constructora campeona del mundo en los \u00faltimos siete a\u00f1os. La estrategia se basar\u00e1 en c\u00f3mo atacar directamente a Valtteri Bottas y a Lewis Hamilton y c\u00f3mo alejarse de los Ferraris de Leclerc y Sainz Jr.<\/p>\n\n\n\n<p class=\"wp-block-paragraph\">El d\u00eda que el jefe de la escuder\u00eda del toro, Chris Horner, llam\u00f3 a Sergio P\u00e9rez para confirmarlo como su piloto, el mexicano invit\u00f3 a sus padres a una comida en su casa. Sobre la mesa hab\u00eda un pastel de\u00a0<em>cupcakes<\/em>\u00a0que formaban el logotipo de Red Bull y varias latas de la gaseosa energ\u00e9tica. M\u00e9xico, que se encomienda a Checo, ya tiene una nueva bebida favorita.<\/p>\n\n\n\n<p class=\"wp-block-paragraph\"><strong>Fuente: <\/strong>elpa\u00eds<\/p>\n","protected":false},"excerpt":{"rendered":"<p>Antonio P\u00e9rez, padre de\u00a0Checo, recibi\u00f3 una llamada de Felipe Calder\u00f3n, expresidente de M\u00e9xico. \u201cCheco va a ganar la carrera, ya apost\u00e9\u201d, le dijo horas antes de que iniciara el Gran Premio de Sakhir, en diciembre pasado. P\u00e9rez, un tanto incr\u00e9dulo, agradeci\u00f3 el gesto. Ning\u00fan ferviente analista de la\u00a0F\u00f3rmula 1\u00a0ni en la familia P\u00e9rez esperaban que [&hellip;]<\/p>\n","protected":false},"author":2,"featured_media":89256,"comment_status":"open","ping_status":"open","sticky":false,"template":"","format":"standard","meta":{"footnotes":""},"categories":[7],"tags":[],"class_list":["post-89255","post","type-post","status-publish","format-standard","has-post-thumbnail","hentry","category-deportes"],"_links":{"self":[{"href":"http:\/\/elcuartopoder.com.mx\/nw\/wp-json\/wp\/v2\/posts\/89255","targetHints":{"allow":["GET"]}}],"collection":[{"href":"http:\/\/elcuartopoder.com.mx\/nw\/wp-json\/wp\/v2\/posts"}],"about":[{"href":"http:\/\/elcuartopoder.com.mx\/nw\/wp-json\/wp\/v2\/types\/post"}],"author":[{"embeddable":true,"href":"http:\/\/elcuartopoder.com.mx\/nw\/wp-json\/wp\/v2\/users\/2"}],"replies":[{"embeddable":true,"href":"http:\/\/elcuartopoder.com.mx\/nw\/wp-json\/wp\/v2\/comments?post=89255"}],"version-history":[{"count":1,"href":"http:\/\/elcuartopoder.com.mx\/nw\/wp-json\/wp\/v2\/posts\/89255\/revisions"}],"predecessor-version":[{"id":89257,"href":"http:\/\/elcuartopoder.com.mx\/nw\/wp-json\/wp\/v2\/posts\/89255\/revisions\/89257"}],"wp:featuredmedia":[{"embeddable":true,"href":"http:\/\/elcuartopoder.com.mx\/nw\/wp-json\/wp\/v2\/media\/89256"}],"wp:attachment":[{"href":"http:\/\/elcuartopoder.com.mx\/nw\/wp-json\/wp\/v2\/media?parent=89255"}],"wp:term":[{"taxonomy":"category","embeddable":true,"href":"http:\/\/elcuartopoder.com.mx\/nw\/wp-json\/wp\/v2\/categories?post=89255"},{"taxonomy":"post_tag","embeddable":true,"href":"http:\/\/elcuartopoder.com.mx\/nw\/wp-json\/wp\/v2\/tags?post=89255"}],"curies":[{"name":"wp","href":"https:\/\/api.w.org\/{rel}","templated":true}]}}