{"id":89262,"date":"2021-03-26T19:02:46","date_gmt":"2021-03-27T00:02:46","guid":{"rendered":"http:\/\/elcuartopoder.com.mx\/nw\/?p=89262"},"modified":"2021-03-26T19:02:48","modified_gmt":"2021-03-27T00:02:48","slug":"cinco-claves-para-desarrollar-la-confianza-en-los-ninos","status":"publish","type":"post","link":"http:\/\/elcuartopoder.com.mx\/nw\/qtp\/cinco-claves-para-desarrollar-la-confianza-en-los-ninos\/","title":{"rendered":"Cinco claves para desarrollar la confianza en los ni\u00f1os"},"content":{"rendered":"\n<p class=\"wp-block-paragraph\">Cu\u00e1ntas veces hemos escuchado la frase \u201csi t\u00fa no crees en ti, nadie lo har\u00e1\u201d. Parece como si la confianza fuera algo que nos imponemos nosotros mismos y que va de dentro para fuera. Lo cierto es que las investigaciones y la pr\u00e1ctica cl\u00ednica nos demuestran que la confianza se aprende y se desarrolla siempre de fuera hacia dentro, o lo que es lo mismo, son nuestras madres, nuestros padres y maestros los que deben confiar desde un principio en nosotros para que podemos enfrentarnos a los obst\u00e1culos y dificultades de la vida con seguridad. Si queremos que nuestros hijos sean personas seguras, previamente, los adultos significativos que rodeamos a los ni\u00f1os debemos generar contextos de protecci\u00f3n. Sin protecci\u00f3n jam\u00e1s habr\u00e1 seguridad. Y tambi\u00e9n podemos afirmar lo contrario: aquellos ni\u00f1os que se desarrollan en contextos donde reina la inseguridad y el caos, es dif\u00edcil que puedan sentirse seguros y confiados en sus relaciones con los dem\u00e1s. Si el mensaje que me trasladan mis padres y maestros es que el mundo es un lugar inseguro, impredecible y donde las personas nos pueden hacer da\u00f1o, \u00bfc\u00f3mo voy a ser capaz de confiar? Por lo tanto, la protecci\u00f3n en la infancia promueve la seguridad, mientras que la desprotecci\u00f3n invita a la inseguridad, la baja autoestima y la desconfianza.<\/p>\n\n\n\n<p class=\"wp-block-paragraph\">Una de las caracter\u00edsticas que m\u00e1s identifican a los beb\u00e9s y ni\u00f1os peque\u00f1os es, sin lugar a dudas, su inmadurez. Venimos al mundo necesitando que, al menos, una persona se haga cargo de nosotros y nos cubra nuestras necesidades. La madre y el padre tratan de conectar con las necesidades fisiol\u00f3gicas y afectivas del reci\u00e9n nacido para, posteriormente, atender y cubrir aquello que precise. El neonato no conf\u00eda en s\u00ed mismo ni es consciente de lo que supone la confianza. Solo gracias al amor, cari\u00f1o y confianza de sus padres podr\u00e1 llevar a cabo peque\u00f1as acciones que le empoderen y le permitan ir ganando, poco a poco, confianza. Que nadie olvide que ya desde el momento del nacimiento tendemos a la autonom\u00eda y a saciar nuestra curiosidad. Tenemos ganas de valernos por nosotros mismos. Dice mi querida Pepa Horno que el ser humano no aprende a amar amando, sino sinti\u00e9ndose amado. \u00bfQui\u00e9n no ha escuchado alguna que otra vez la siguiente frase? \u201cSi t\u00fa no te quieres a ti mismo, nadie podr\u00e1 quererte\u201d. Pero lo que no dice la frase es que para que yo me quiera a m\u00ed (me estime) es imprescindible que me hayan querido (o me quieran). No puedo saber lo que es el amor si no lo siento de otros. La habilidad de amar se desarrolla en interacci\u00f3n con los dem\u00e1s, no de manera solitaria. Lo mismo podemos decir de la confianza: el ni\u00f1o de seis a\u00f1os que se siente motivado a probar una nueva destreza lo hace con la\u00a0<em>gasolina<\/em>\u00a0y la energ\u00eda que le aportan sus padres confiando y creyendo en \u00e9l. No consiste en conseguirlo, sino en intentarlo y en ser perseverante en el logro de dicha destreza o tarea.<\/p>\n\n\n\n<p class=\"wp-block-paragraph\">\u00bfQu\u00e9 ocurre con aquellos ni\u00f1os que han crecido en hogares o instituciones sin amor?\u00a0Como ve\u00edamos antes, sin amor es muy dif\u00edcil crecer de manera sana y plena. Los beb\u00e9s necesitan ser abrazados, acunados y acariciados. No podemos perder de vista que somos mam\u00edferos y la esencia de los mam\u00edferos es el contacto emocional y f\u00edsico. Aquellos ni\u00f1os que fueron abandonados emocionalmente y que no les cubrieron, de manera suficientemente buena, sus necesidades, luchar\u00e1n a lo largo de su vida para que alguien les aporte aquello que sus padres no supieron o pudieron darles.<\/p>\n\n\n\n<h3 class=\"wp-block-heading\">Veamos a continuaci\u00f3n algunas ideas para desarrollar la confianza en nuestros hijos:<\/h3>\n\n\n\n<ol class=\"wp-block-list\"><li>Trata de fomentar la autonom\u00eda de tu hijo, permiti\u00e9ndole hacer todo aquello que est\u00e9 dispuesto a hacer, siempre y cuando no existe un verdadero peligro.<\/li><li>Permite todas y cada una de las emociones. Legitimarlas es fundamental para que sienta que todas son correctas y normales.<\/li><li>Huye de la\u00a0<em>anestesia emocional<\/em>, es decir, no caigas en el error de darles tu m\u00f3vil o tu Tablet cada vez que experimenten una emoci\u00f3n de defensa muy intensa. Por lo contrario, legitima dicha emoci\u00f3n, conecta con tu hijo y ay\u00fadale a regularla.<\/li><li>No seas c\u00f3mplice de la\u00a0<em>ley del silencio<\/em>. Habla de todo lo que le resulte desagradable a tu hijo para ayudarle a integrarlo. Recuerda que aquello que no nombras, no existe.<\/li><li>Amamos a nuestros hijos de manera incondicional. Esto quiere decir que nuestro cari\u00f1o, atenci\u00f3n y orgullo hacia ellos no depende de nada. Les queremos por el\u00a0<em>simple\u00a0<\/em>hecho de ser nuestros hijos.<\/li><\/ol>\n\n\n\n<p class=\"wp-block-paragraph\"><em><strong>*Rafa Guerrero<\/strong><\/em><em>\u00a0es psic\u00f3logo y doctor en Educaci\u00f3n. Director de Darwin Psic\u00f3logos. Autor de los libros \u201cEducaci\u00f3n emocional y apego\u201d (2018), \u201cCuentos para el desarrollo emocional desde la teor\u00eda del apego\u201d (2019), \u201cC\u00f3mo estimular el cerebro del ni\u00f1o\u201d (2020), \u201cEducar en el v\u00ednculo\u201d (2020) y \u201cVinculaci\u00f3n y autonom\u00eda a trav\u00e9s de los cuentos\u201d (2021).<\/em><\/p>\n\n\n\n<p class=\"wp-block-paragraph\"><strong>Fuente:<\/strong> elpa\u00eds<\/p>\n","protected":false},"excerpt":{"rendered":"<p>Cu\u00e1ntas veces hemos escuchado la frase \u201csi t\u00fa no crees en ti, nadie lo har\u00e1\u201d. Parece como si la confianza fuera algo que nos imponemos nosotros mismos y que va de dentro para fuera. Lo cierto es que las investigaciones y la pr\u00e1ctica cl\u00ednica nos demuestran que la confianza se aprende y se desarrolla siempre [&hellip;]<\/p>\n","protected":false},"author":2,"featured_media":89263,"comment_status":"open","ping_status":"open","sticky":false,"template":"","format":"standard","meta":{"footnotes":""},"categories":[58],"tags":[],"class_list":["post-89262","post","type-post","status-publish","format-standard","has-post-thumbnail","hentry","category-qtp"],"_links":{"self":[{"href":"http:\/\/elcuartopoder.com.mx\/nw\/wp-json\/wp\/v2\/posts\/89262","targetHints":{"allow":["GET"]}}],"collection":[{"href":"http:\/\/elcuartopoder.com.mx\/nw\/wp-json\/wp\/v2\/posts"}],"about":[{"href":"http:\/\/elcuartopoder.com.mx\/nw\/wp-json\/wp\/v2\/types\/post"}],"author":[{"embeddable":true,"href":"http:\/\/elcuartopoder.com.mx\/nw\/wp-json\/wp\/v2\/users\/2"}],"replies":[{"embeddable":true,"href":"http:\/\/elcuartopoder.com.mx\/nw\/wp-json\/wp\/v2\/comments?post=89262"}],"version-history":[{"count":1,"href":"http:\/\/elcuartopoder.com.mx\/nw\/wp-json\/wp\/v2\/posts\/89262\/revisions"}],"predecessor-version":[{"id":89264,"href":"http:\/\/elcuartopoder.com.mx\/nw\/wp-json\/wp\/v2\/posts\/89262\/revisions\/89264"}],"wp:featuredmedia":[{"embeddable":true,"href":"http:\/\/elcuartopoder.com.mx\/nw\/wp-json\/wp\/v2\/media\/89263"}],"wp:attachment":[{"href":"http:\/\/elcuartopoder.com.mx\/nw\/wp-json\/wp\/v2\/media?parent=89262"}],"wp:term":[{"taxonomy":"category","embeddable":true,"href":"http:\/\/elcuartopoder.com.mx\/nw\/wp-json\/wp\/v2\/categories?post=89262"},{"taxonomy":"post_tag","embeddable":true,"href":"http:\/\/elcuartopoder.com.mx\/nw\/wp-json\/wp\/v2\/tags?post=89262"}],"curies":[{"name":"wp","href":"https:\/\/api.w.org\/{rel}","templated":true}]}}