{"id":89265,"date":"2021-03-26T19:45:50","date_gmt":"2021-03-27T00:45:50","guid":{"rendered":"http:\/\/elcuartopoder.com.mx\/nw\/?p=89265"},"modified":"2021-03-26T19:45:52","modified_gmt":"2021-03-27T00:45:52","slug":"programa-para-la-implementacion-de-la-reforma-en-materia-de-justicia-laboral","status":"publish","type":"post","link":"http:\/\/elcuartopoder.com.mx\/nw\/prensa\/programa-para-la-implementacion-de-la-reforma-en-materia-de-justicia-laboral\/","title":{"rendered":"PROGRAMA PARA LA IMPLEMENTACI\u00d3N DE LA REFORMA EN MATERIA DE JUSTICIA LABORAL"},"content":{"rendered":"\n<p class=\"wp-block-paragraph\">El Poder Judicial de Quintana Roo, present\u00f3 este d\u00eda las acciones que se han realizado en el programa para la Implementaci\u00f3n de la Reforma en materia de justicia laboral que en la entidad y que permitir\u00e1 la creaci\u00f3n de cuatro Tribunales Laborales en el Estado.<\/p>\n\n\n\n<p class=\"wp-block-paragraph\">Durante el encuentro virtual que presidi\u00f3 el secretario de gobierno Arturo Contreras Castillo, el magistrado presidente del Tribunal Superior de Justicia y del Consejo de la Judicatura, Jos\u00e9 Antonio Le\u00f3n Ruiz, destac\u00f3 la buena coordinaci\u00f3n con las distintas instancias para lograr la implementaci\u00f3n de esta reforma laboral, y por ello las constantes evaluaciones de lo que se ha hecho y lo que est\u00e1 por desarrollarse para que con la mejor voluntad concretar este esfuerzo que redundar\u00e1 en el funcionamiento de los Tribunales Laborales a partir del primero de octubre.<\/p>\n\n\n\n<p class=\"wp-block-paragraph\">Inform\u00f3 que para ello se han contemplado la creaci\u00f3n de cuatro tribunales laborales, uno de ellos en Chetumal, dos en Canc\u00fan y uno en Playa del Carmen y que ya se encuentra definida la parte de la estructura de cada uno de ellos, empezando por Canc\u00fan, donde habr\u00e1n dos Jueces laborales, Secretarios Instructores, Secretarios Auxiliares que coadyuven con los Secretarios instructores y tambi\u00e9n un administrador de gesti\u00f3n judicial quien funge como una parte de descongesti\u00f3n en las tareas administrativas por parte del impartidor de justicia.<\/p>\n\n\n\n<p class=\"wp-block-paragraph\">De igual manera en aquellos lugares donde exista m\u00e1s de un tribunal laboral o un juez en funciones, el administrador de gesti\u00f3n judicial va a coadyuvar para asignar las rutas de notificaci\u00f3n a los actuarios. As\u00ed mismo se tendr\u00e1 al personal Secretarial en funci\u00f3n de oficial\u00eda de partes, digitalizaci\u00f3n y archivo.<\/p>\n\n\n\n<p class=\"wp-block-paragraph\">Finalmente en cuanto al programa de capacitaci\u00f3n se pretende desarrollar las competencias de suma relevancia en los nuevos funcionarios, quienes estar\u00e1n colaborando en los tribunales, tomando en consideraci\u00f3n a los abogados de apoyo, los cuales est\u00e9n vinculados estrechamente con los tr\u00e1mites en los tribunales del Estado para su fortalecimiento.<\/p>\n\n\n\n<figure class=\"wp-block-image\"><img loading=\"lazy\" decoding=\"async\" width=\"1024\" height=\"785\" src=\"http:\/\/elcuartopoder.com.mx\/nw\/wp-content\/uploads\/2021\/03\/6bbdb01f-6426-4475-ae8f-780952c7f293-1024x785.jpg\" alt=\"\" class=\"wp-image-89267\" srcset=\"http:\/\/elcuartopoder.com.mx\/nw\/wp-content\/uploads\/2021\/03\/6bbdb01f-6426-4475-ae8f-780952c7f293.jpg 1024w, http:\/\/elcuartopoder.com.mx\/nw\/wp-content\/uploads\/2021\/03\/6bbdb01f-6426-4475-ae8f-780952c7f293-300x230.jpg 300w, http:\/\/elcuartopoder.com.mx\/nw\/wp-content\/uploads\/2021\/03\/6bbdb01f-6426-4475-ae8f-780952c7f293-768x589.jpg 768w, http:\/\/elcuartopoder.com.mx\/nw\/wp-content\/uploads\/2021\/03\/6bbdb01f-6426-4475-ae8f-780952c7f293-80x60.jpg 80w, http:\/\/elcuartopoder.com.mx\/nw\/wp-content\/uploads\/2021\/03\/6bbdb01f-6426-4475-ae8f-780952c7f293-696x534.jpg 696w\" sizes=\"auto, (max-width: 1024px) 100vw, 1024px\" \/><\/figure>\n","protected":false},"excerpt":{"rendered":"<p>El Poder Judicial de Quintana Roo, present\u00f3 este d\u00eda las acciones que se han realizado en el programa para la Implementaci\u00f3n de la Reforma en materia de justicia laboral que en la entidad y que permitir\u00e1 la creaci\u00f3n de cuatro Tribunales Laborales en el Estado. Durante el encuentro virtual que presidi\u00f3 el secretario de gobierno [&hellip;]<\/p>\n","protected":false},"author":2,"featured_media":89266,"comment_status":"open","ping_status":"open","sticky":false,"template":"","format":"standard","meta":{"footnotes":""},"categories":[65],"tags":[],"class_list":["post-89265","post","type-post","status-publish","format-standard","has-post-thumbnail","hentry","category-prensa"],"_links":{"self":[{"href":"http:\/\/elcuartopoder.com.mx\/nw\/wp-json\/wp\/v2\/posts\/89265","targetHints":{"allow":["GET"]}}],"collection":[{"href":"http:\/\/elcuartopoder.com.mx\/nw\/wp-json\/wp\/v2\/posts"}],"about":[{"href":"http:\/\/elcuartopoder.com.mx\/nw\/wp-json\/wp\/v2\/types\/post"}],"author":[{"embeddable":true,"href":"http:\/\/elcuartopoder.com.mx\/nw\/wp-json\/wp\/v2\/users\/2"}],"replies":[{"embeddable":true,"href":"http:\/\/elcuartopoder.com.mx\/nw\/wp-json\/wp\/v2\/comments?post=89265"}],"version-history":[{"count":1,"href":"http:\/\/elcuartopoder.com.mx\/nw\/wp-json\/wp\/v2\/posts\/89265\/revisions"}],"predecessor-version":[{"id":89268,"href":"http:\/\/elcuartopoder.com.mx\/nw\/wp-json\/wp\/v2\/posts\/89265\/revisions\/89268"}],"wp:featuredmedia":[{"embeddable":true,"href":"http:\/\/elcuartopoder.com.mx\/nw\/wp-json\/wp\/v2\/media\/89266"}],"wp:attachment":[{"href":"http:\/\/elcuartopoder.com.mx\/nw\/wp-json\/wp\/v2\/media?parent=89265"}],"wp:term":[{"taxonomy":"category","embeddable":true,"href":"http:\/\/elcuartopoder.com.mx\/nw\/wp-json\/wp\/v2\/categories?post=89265"},{"taxonomy":"post_tag","embeddable":true,"href":"http:\/\/elcuartopoder.com.mx\/nw\/wp-json\/wp\/v2\/tags?post=89265"}],"curies":[{"name":"wp","href":"https:\/\/api.w.org\/{rel}","templated":true}]}}