{"id":89272,"date":"2021-03-27T13:18:00","date_gmt":"2021-03-27T18:18:00","guid":{"rendered":"http:\/\/elcuartopoder.com.mx\/nw\/?p=89272"},"modified":"2021-03-27T13:18:02","modified_gmt":"2021-03-27T18:18:02","slug":"ejecutan-a-un-hombre-afuera-de-un-expendio-de-alcohol-en-zona-conurbada-de-cancun","status":"publish","type":"post","link":"http:\/\/elcuartopoder.com.mx\/nw\/policiacas\/ejecutan-a-un-hombre-afuera-de-un-expendio-de-alcohol-en-zona-conurbada-de-cancun\/","title":{"rendered":"Ejecutan a un hombre afuera de un expendio de alcohol en zona conurbada de Canc\u00fan"},"content":{"rendered":"\n<p class=\"wp-block-paragraph\"><strong>CANC\u00daN, MX.-<\/strong>&nbsp;Un hombre fue ejecutado de varios tiros en la Supermanzana 308 (Alfredo V. Bonfil), la tarde de este viernes.<\/p>\n\n\n\n<p class=\"wp-block-paragraph\">Su cuerpo qued\u00f3 tendido sobre calle Vicente Guerrero, afuera de un expendio de bebidas alcoh\u00f3licas.<\/p>\n\n\n\n<div class=\"wp-block-image\"><figure class=\"aligncenter\"><a href=\"https:\/\/noticaribe.com.mx\/wp\/wp-content\/uploads\/2021\/03\/Ejecutado2-54.jpeg\"><img decoding=\"async\" src=\"https:\/\/noticaribe.com.mx\/wp\/wp-content\/uploads\/2021\/03\/Ejecutado2-54.jpeg\" alt=\"\" class=\"wp-image-466670\"\/><\/a><\/figure><\/div>\n\n\n\n<p class=\"wp-block-paragraph\">La v\u00edctima, cuya identidad a\u00fan se desconoce, vest\u00eda playera negra, pantal\u00f3n de mezclilla y tenis.<\/p>\n\n\n\n<p class=\"wp-block-paragraph\">Una llamada al n\u00famero de emergencias 911 alert\u00f3 de esta situaci\u00f3n. Los testigos escucharon varias detonaciones y cuando salieron vieron al hombre ejecutado; sin embargo, no captaron las caracter\u00edsticas de los responsables.<\/p>\n\n\n\n<div class=\"wp-block-image\"><figure class=\"aligncenter\"><a href=\"https:\/\/noticaribe.com.mx\/wp\/wp-content\/uploads\/2021\/03\/Ejecutado1-52.jpeg\"><img decoding=\"async\" src=\"https:\/\/noticaribe.com.mx\/wp\/wp-content\/uploads\/2021\/03\/Ejecutado1-52.jpeg\" alt=\"\" class=\"wp-image-466671\"\/><\/a><\/figure><\/div>\n\n\n\n<p class=\"wp-block-paragraph\">Los Servicios Periciales de la Fiscal\u00eda General del Estado (FGE) llegaron al lugar para las diligencias correspondientes.<\/p>\n\n\n\n<p class=\"wp-block-paragraph\"><strong>Fuente:<\/strong>&nbsp;Noticaribe\n\n<\/p>\n","protected":false},"excerpt":{"rendered":"<p>CANC\u00daN, MX.-&nbsp;Un hombre fue ejecutado de varios tiros en la Supermanzana 308 (Alfredo V. Bonfil), la tarde de este viernes. Su cuerpo qued\u00f3 tendido sobre calle Vicente Guerrero, afuera de un expendio de bebidas alcoh\u00f3licas. La v\u00edctima, cuya identidad a\u00fan se desconoce, vest\u00eda playera negra, pantal\u00f3n de mezclilla y tenis. Una llamada al n\u00famero de [&hellip;]<\/p>\n","protected":false},"author":2,"featured_media":89273,"comment_status":"open","ping_status":"open","sticky":false,"template":"","format":"standard","meta":{"footnotes":""},"categories":[23],"tags":[],"class_list":["post-89272","post","type-post","status-publish","format-standard","has-post-thumbnail","hentry","category-policiacas"],"_links":{"self":[{"href":"http:\/\/elcuartopoder.com.mx\/nw\/wp-json\/wp\/v2\/posts\/89272","targetHints":{"allow":["GET"]}}],"collection":[{"href":"http:\/\/elcuartopoder.com.mx\/nw\/wp-json\/wp\/v2\/posts"}],"about":[{"href":"http:\/\/elcuartopoder.com.mx\/nw\/wp-json\/wp\/v2\/types\/post"}],"author":[{"embeddable":true,"href":"http:\/\/elcuartopoder.com.mx\/nw\/wp-json\/wp\/v2\/users\/2"}],"replies":[{"embeddable":true,"href":"http:\/\/elcuartopoder.com.mx\/nw\/wp-json\/wp\/v2\/comments?post=89272"}],"version-history":[{"count":1,"href":"http:\/\/elcuartopoder.com.mx\/nw\/wp-json\/wp\/v2\/posts\/89272\/revisions"}],"predecessor-version":[{"id":89274,"href":"http:\/\/elcuartopoder.com.mx\/nw\/wp-json\/wp\/v2\/posts\/89272\/revisions\/89274"}],"wp:featuredmedia":[{"embeddable":true,"href":"http:\/\/elcuartopoder.com.mx\/nw\/wp-json\/wp\/v2\/media\/89273"}],"wp:attachment":[{"href":"http:\/\/elcuartopoder.com.mx\/nw\/wp-json\/wp\/v2\/media?parent=89272"}],"wp:term":[{"taxonomy":"category","embeddable":true,"href":"http:\/\/elcuartopoder.com.mx\/nw\/wp-json\/wp\/v2\/categories?post=89272"},{"taxonomy":"post_tag","embeddable":true,"href":"http:\/\/elcuartopoder.com.mx\/nw\/wp-json\/wp\/v2\/tags?post=89272"}],"curies":[{"name":"wp","href":"https:\/\/api.w.org\/{rel}","templated":true}]}}