{"id":89278,"date":"2021-03-27T13:27:48","date_gmt":"2021-03-27T18:27:48","guid":{"rendered":"http:\/\/elcuartopoder.com.mx\/nw\/?p=89278"},"modified":"2021-03-27T13:27:50","modified_gmt":"2021-03-27T18:27:50","slug":"segundo-lote-de-vacunas-de-eu-llegaran-la-proxima-semana-a-mexico-ebrard","status":"publish","type":"post","link":"http:\/\/elcuartopoder.com.mx\/nw\/nacionales\/segundo-lote-de-vacunas-de-eu-llegaran-la-proxima-semana-a-mexico-ebrard\/","title":{"rendered":"Segundo lote de vacunas de EU llegar\u00e1n la pr\u00f3xima semana a M\u00e9xico: Ebrard"},"content":{"rendered":"\n<p class=\"wp-block-paragraph\">El canciller Marcelo Ebrard inform\u00f3 que la pr\u00f3xima semana llegar\u00e1 a M\u00e9xico el segundo cargamento con 1.2 millones de vacunas contra COVID-19 de AstraZeneca otorgadas por Estados Unidos.<\/p>\n\n\n\n<p class=\"wp-block-paragraph\">Mediante su cuenta de Twitter, el titular de Relaciones Exteriores indic\u00f3 que este embarque se sumar\u00e1 al que llegar\u00e1 el pr\u00f3ximo domingo, para completar la entrega de 2.7 millones de vacunas producidas en el pa\u00eds vecino del norte.<\/p>\n\n\n\n<p class=\"wp-block-paragraph\">\u201cLes confirmo que el jueves dos de abril llegar\u00e1n 1.2 millones de dosis de la vacuna AstraZeneca desde los EU que se sumar\u00e1n al primer env\u00edo del domingo pr\u00f3ximo para alcanzar 2.7 millones de dosis.M\u00e9xico agradece este gran apoyo del gobierno del Presidente Biden contra Covid-19\u201d, escribi\u00f3 en Twitter.<\/p>\n\n\n\n<p class=\"wp-block-paragraph\">Enseguida corrigi\u00f3 y se\u00f1al\u00f3: \u201cDebe decir jueves 1 de abril\u201d.<\/p>\n\n\n\n<p class=\"wp-block-paragraph\">Cabe recordar que el 18 de marzo, el funcionario anunci\u00f3 que Estados Unidos alcanz\u00f3 a un acuerdo con M\u00e9xico para enviar dos millones 700 mil vacunas contra el COVID-19 excedentes, las cuales se destinar\u00edan a 870 mil adultos mayores de todo el pa\u00eds.\u00a0 <\/p>\n\n\n\n<p class=\"wp-block-paragraph\"><strong>Fuente:<\/strong> XEU<\/p>\n","protected":false},"excerpt":{"rendered":"<p>El canciller Marcelo Ebrard inform\u00f3 que la pr\u00f3xima semana llegar\u00e1 a M\u00e9xico el segundo cargamento con 1.2 millones de vacunas contra COVID-19 de AstraZeneca otorgadas por Estados Unidos. Mediante su cuenta de Twitter, el titular de Relaciones Exteriores indic\u00f3 que este embarque se sumar\u00e1 al que llegar\u00e1 el pr\u00f3ximo domingo, para completar la entrega de [&hellip;]<\/p>\n","protected":false},"author":2,"featured_media":89279,"comment_status":"open","ping_status":"open","sticky":false,"template":"","format":"standard","meta":{"footnotes":""},"categories":[55],"tags":[],"class_list":["post-89278","post","type-post","status-publish","format-standard","has-post-thumbnail","hentry","category-nacionales"],"_links":{"self":[{"href":"http:\/\/elcuartopoder.com.mx\/nw\/wp-json\/wp\/v2\/posts\/89278","targetHints":{"allow":["GET"]}}],"collection":[{"href":"http:\/\/elcuartopoder.com.mx\/nw\/wp-json\/wp\/v2\/posts"}],"about":[{"href":"http:\/\/elcuartopoder.com.mx\/nw\/wp-json\/wp\/v2\/types\/post"}],"author":[{"embeddable":true,"href":"http:\/\/elcuartopoder.com.mx\/nw\/wp-json\/wp\/v2\/users\/2"}],"replies":[{"embeddable":true,"href":"http:\/\/elcuartopoder.com.mx\/nw\/wp-json\/wp\/v2\/comments?post=89278"}],"version-history":[{"count":1,"href":"http:\/\/elcuartopoder.com.mx\/nw\/wp-json\/wp\/v2\/posts\/89278\/revisions"}],"predecessor-version":[{"id":89280,"href":"http:\/\/elcuartopoder.com.mx\/nw\/wp-json\/wp\/v2\/posts\/89278\/revisions\/89280"}],"wp:featuredmedia":[{"embeddable":true,"href":"http:\/\/elcuartopoder.com.mx\/nw\/wp-json\/wp\/v2\/media\/89279"}],"wp:attachment":[{"href":"http:\/\/elcuartopoder.com.mx\/nw\/wp-json\/wp\/v2\/media?parent=89278"}],"wp:term":[{"taxonomy":"category","embeddable":true,"href":"http:\/\/elcuartopoder.com.mx\/nw\/wp-json\/wp\/v2\/categories?post=89278"},{"taxonomy":"post_tag","embeddable":true,"href":"http:\/\/elcuartopoder.com.mx\/nw\/wp-json\/wp\/v2\/tags?post=89278"}],"curies":[{"name":"wp","href":"https:\/\/api.w.org\/{rel}","templated":true}]}}