{"id":89290,"date":"2021-03-28T10:28:39","date_gmt":"2021-03-28T15:28:39","guid":{"rendered":"http:\/\/elcuartopoder.com.mx\/nw\/?p=89290"},"modified":"2021-03-28T10:28:41","modified_gmt":"2021-03-28T15:28:41","slug":"francia-no-fue-complice-del-genocidio-en-ruanda-de-1994-segun-la-comision-de-historiadores-de-macron","status":"publish","type":"post","link":"http:\/\/elcuartopoder.com.mx\/nw\/internacionales\/francia-no-fue-complice-del-genocidio-en-ruanda-de-1994-segun-la-comision-de-historiadores-de-macron\/","title":{"rendered":"Francia no fue c\u00f3mplice del genocidio en Ruanda de 1994, seg\u00fan la comisi\u00f3n de historiadores de Macron"},"content":{"rendered":"\n<p class=\"wp-block-paragraph\">Francia tiene que hacer frente a sus responsabilidades \u00abpesadas y abrumadoras\u00bb en el genocidio de Ruanda en 1994, pero&nbsp;<strong>no fue c\u00f3mplice<\/strong>&nbsp;de la limpieza \u00e9tnica, seg\u00fan se anunci\u00f3 este viernes, con la publicaci\u00f3n de las conclusiones de la comisi\u00f3n de historiadores que ha estudiado este acontecimiento controvertido y tr\u00e1gico del pasado m\u00e1s reciente del pa\u00eds. Hace dos a\u00f1os, el presidente de la Rep\u00fablica, Emmanuel Macron, pidi\u00f3 que se investigaran los hechos, para lo que orden\u00f3 la composici\u00f3n de un grupo dedicado a esa labor, capitaneado por Vincent Duclert.<\/p>\n\n\n\n<p class=\"wp-block-paragraph\">\u00ab\u00bfFue Francia c\u00f3mplice del genocidio de los tutsis? Si comprendemos por ello la voluntad de asociarse a la empresa genocida,\u00a0<strong>nada en los archivos\u00a0<\/strong>consultados lo demuestra\u00bb, afirman los historiadores en sus conclusiones. \u00abFrancia, sin embargo, se situ\u00f3 durante mucho tiempo al lado de un r\u00e9gimen que animaba a las masacres racistas. Permaneci\u00f3 ciega ante la preparaci\u00f3n del genocidio por los elementos m\u00e1s radicales del r\u00e9gimen\u00bb, a\u00f1ade el documento.<\/p>\n\n\n\n<p class=\"wp-block-paragraph\">Sobre la<strong>&nbsp;Operaci\u00f3n Turquesa<\/strong>, la intervenci\u00f3n militar francesa que permiti\u00f3 que cientos de miles de refugiados hutus y responsables del genocidio huyeran al antiguo Zaire, las conclusiones la califican de \u00abacci\u00f3n humanitaria\u00bb.<\/p>\n\n\n\n<h3 class=\"wp-block-heading\">Cr\u00edticas<\/h3>\n\n\n\n<p class=\"wp-block-paragraph\">\u00abMe parece&nbsp;<strong>un desprop\u00f3sito<\/strong>&nbsp;que se hayan invertido dos a\u00f1os para llegar a esta conclusi\u00f3n. Las relaciones de Francia con Ruanda son malas. Si Macron ha hecho todo esto para llegar a una soluci\u00f3n, no lo va a lograr de esta manera\u00bb, explica a ABC el africanista&nbsp;<strong>Omer Freixa<\/strong>&nbsp;(Israel, 1980). Cr\u00edtico con la formaci\u00f3n de la comisi\u00f3n investigadora, que solo ha incluido a historiadores franceses y parece haber dejado a un lado las voces ruandesas, no est\u00e1 solo en su discurso desfavorable frente a la iniciativa del presidente.<\/p>\n\n\n\n<p class=\"wp-block-paragraph\">Poco despu\u00e9s de conocerse la resoluci\u00f3n, la organizaci\u00f3n&nbsp;<strong>Survie<\/strong>, encargada de luchar contra la llamada \u2018Fran\u00e7afrique\u2019, la presencia francesa en \u00c1frica, denunciaba a trav\u00e9s de un comunicado: \u00abEl apoyo franc\u00e9s a los genocidas<strong>&nbsp;no fue nada ciego<\/strong>. Prosigui\u00f3 incluso despu\u00e9s del genocidio, cuando los hechos ya eran conocidos\u00bb. Por lo tanto, \u00abSurvie va a analizar en profundidad el documento y publicar\u00e1 pr\u00f3ximamente un informe\u00bb.<\/p>\n\n\n\n<p class=\"wp-block-paragraph\">Entrevistado hace semanas por ABC, el investigador&nbsp;<strong>Fran\u00e7ois Graner<\/strong>, al que una sentencia hist\u00f3rica del Consejo de Estado de Francia concedi\u00f3 el pasado verano el permiso para consultar los llamados&nbsp;<strong>Archivos Mitterrand<\/strong>, esenciales para desvelar nuevos datos sobre el papel del El\u00edseo en el genocidio, afirmaba: \u00abMacron hizo un avance y un retroceso. Un avance porque abri\u00f3 m\u00e1s archivos, incluido uno militar, y un retroceso porque solo los hizo accesibles para algunas personas\u00bb, en referencia a la comisi\u00f3n. Bajo su punto de vista, ning\u00fan sistema democr\u00e1tico deber\u00eda ofrecer dificultades a los interesados por hechos de su pasado.<\/p>\n\n\n\n<h3 class=\"wp-block-heading\">Dos a\u00f1os de investigaci\u00f3n<\/h3>\n\n\n\n<p class=\"wp-block-paragraph\">Durante sus pesquisas, que han realizado a lo largo de dos a\u00f1os y con el an\u00e1lisis de unos<strong>&nbsp;8.000 documentos<\/strong>, los historiadores han abordado las pol\u00edticas de Francia hacia Ruanda entre 1990 y 1994. En esa primavera, comenz\u00f3 el genocidio, incitado desde las radios y en un clima de odio explosivo y casi demencial. El 6 de abril, el d\u00eda que un misil derrib\u00f3 el avi\u00f3n en el que viajaba el presidente ruand\u00e9s, el hutu Juv\u00e9nal Habyarmana, las matanzas comenzaron en las calles de Kigali, para extenderse muy pronto al resto del pa\u00eds.<\/p>\n\n\n\n<p class=\"wp-block-paragraph\">Cuando se produjo el genocidio, el presidente de Francia era el socialista<strong>&nbsp;Fran\u00e7ois Mitterrand<\/strong>, un pol\u00edtico con una biograf\u00eda sumida en las sombras de la Ocupaci\u00f3n y la guerra de Argelia. Seg\u00fan los expertos consultados por ABC el pasado febrero, la principal inquietud del mandatario era mantener<strong>&nbsp;la zona de influencia franc\u00f3fona&nbsp;<\/strong>en \u00c1frica, una labor que le facilitaba el r\u00e9gimen hutu, aliado y en el que se hablaba franc\u00e9s. Exiliados en Uganda, apoyados por Estados Unidos y preparados para regresar a su tierra, los tutsis, organizados en el Frente Patri\u00f3tico Ruand\u00e9s (FPR), eran angl\u00f3fonos, por lo que supon\u00edan un freno a ese deseo.<\/p>\n\n\n\n<p class=\"wp-block-paragraph\">Dispuesto a enfrentarse al lado m\u00e1s oscuro del pasado de Francia, Macron ha intentado aportar luz sobre varios asuntos delicados de la memoria hist\u00f3rica de su pa\u00eds. A principios de marzo, declar\u00f3 que&nbsp;<strong>Al\u00ed Bumeyel<\/strong>, un destacado dirigente del nacionalismo argelino,<strong>&nbsp;fue asesinado por tropas francesas<\/strong>&nbsp;en 1957, en el marco de la guerra de independencia. Hoy, su labor se ha dirigido a las v\u00edctimas del genocidio de Ruanda, donde 800.000 tutsis y hutus moderados fueron asesinados durante la primavera de 1994.<\/p>\n\n\n\n<p class=\"wp-block-paragraph\">Perpetradas con machetes y a menudo por ciudadanos que abandonaron sus\u00a0<strong>quehaceres agr\u00edcolas<\/strong>\u00a0para convertirse en asesinos, la brutalidad del genocidio asombr\u00f3 al mundo.<\/p>\n\n\n\n<p class=\"wp-block-paragraph\"><strong>Fuente:<\/strong> ABC<\/p>\n","protected":false},"excerpt":{"rendered":"<p>Francia tiene que hacer frente a sus responsabilidades \u00abpesadas y abrumadoras\u00bb en el genocidio de Ruanda en 1994, pero&nbsp;no fue c\u00f3mplice&nbsp;de la limpieza \u00e9tnica, seg\u00fan se anunci\u00f3 este viernes, con la publicaci\u00f3n de las conclusiones de la comisi\u00f3n de historiadores que ha estudiado este acontecimiento controvertido y tr\u00e1gico del pasado m\u00e1s reciente del pa\u00eds. Hace [&hellip;]<\/p>\n","protected":false},"author":2,"featured_media":89291,"comment_status":"open","ping_status":"open","sticky":false,"template":"","format":"standard","meta":{"footnotes":""},"categories":[8],"tags":[],"class_list":["post-89290","post","type-post","status-publish","format-standard","has-post-thumbnail","hentry","category-internacionales"],"_links":{"self":[{"href":"http:\/\/elcuartopoder.com.mx\/nw\/wp-json\/wp\/v2\/posts\/89290","targetHints":{"allow":["GET"]}}],"collection":[{"href":"http:\/\/elcuartopoder.com.mx\/nw\/wp-json\/wp\/v2\/posts"}],"about":[{"href":"http:\/\/elcuartopoder.com.mx\/nw\/wp-json\/wp\/v2\/types\/post"}],"author":[{"embeddable":true,"href":"http:\/\/elcuartopoder.com.mx\/nw\/wp-json\/wp\/v2\/users\/2"}],"replies":[{"embeddable":true,"href":"http:\/\/elcuartopoder.com.mx\/nw\/wp-json\/wp\/v2\/comments?post=89290"}],"version-history":[{"count":1,"href":"http:\/\/elcuartopoder.com.mx\/nw\/wp-json\/wp\/v2\/posts\/89290\/revisions"}],"predecessor-version":[{"id":89292,"href":"http:\/\/elcuartopoder.com.mx\/nw\/wp-json\/wp\/v2\/posts\/89290\/revisions\/89292"}],"wp:featuredmedia":[{"embeddable":true,"href":"http:\/\/elcuartopoder.com.mx\/nw\/wp-json\/wp\/v2\/media\/89291"}],"wp:attachment":[{"href":"http:\/\/elcuartopoder.com.mx\/nw\/wp-json\/wp\/v2\/media?parent=89290"}],"wp:term":[{"taxonomy":"category","embeddable":true,"href":"http:\/\/elcuartopoder.com.mx\/nw\/wp-json\/wp\/v2\/categories?post=89290"},{"taxonomy":"post_tag","embeddable":true,"href":"http:\/\/elcuartopoder.com.mx\/nw\/wp-json\/wp\/v2\/tags?post=89290"}],"curies":[{"name":"wp","href":"https:\/\/api.w.org\/{rel}","templated":true}]}}