{"id":89529,"date":"2021-04-02T18:52:11","date_gmt":"2021-04-02T23:52:11","guid":{"rendered":"http:\/\/elcuartopoder.com.mx\/nw\/?p=89529"},"modified":"2021-04-02T18:52:13","modified_gmt":"2021-04-02T23:52:13","slug":"amlo-baja-solo-lo-aprueba-el-50-lo-superan-csg-zedillo-fox-y-fch","status":"publish","type":"post","link":"http:\/\/elcuartopoder.com.mx\/nw\/nacionales\/amlo-baja-solo-lo-aprueba-el-50-lo-superan-csg-zedillo-fox-y-fch\/","title":{"rendered":"AMLO baja: s\u00f3lo lo aprueba el 50%; lo superan CSG, Zedillo, Fox y FCH"},"content":{"rendered":"\n<p class=\"wp-block-paragraph\">En Palacio Nacional andan muy preocupados porque los n\u00fameros en las encuestas no los favorecen como ellos quisieran, de cara a la estrat\u00e9gica elecci\u00f3n intermedia del 6 de junio. Sue\u00f1an con el \u201ccarro completo\u201d, pero las cifras no les cuadran. Y la encuesta de la semana pasada de GEA-ISA los puso mal y de malas. Echemos un vistazo:<\/p>\n\n\n\n<p class=\"wp-block-paragraph\">\u2013 De noviembre 2020 a marzo 2021, Andr\u00e9s Manuel L\u00f3pez Obrador perdi\u00f3 siete puntos de aprobaci\u00f3n ciudadana. \u00bfC\u00f3mo traducimos este porcentaje en votos menos para Morena? De acuerdo a los par\u00e1metros de los propios encuestadores (un punto equivale a 500 mil sufragios, dos puntos a un mill\u00f3n, y as\u00ed sucesivamente), AMLO y su partido han perdido alrededor de 3.5 millones de votos en s\u00f3lo cuatro meses. Y a\u00fan faltar\u00e1n por contabilizar abril y mayo.<\/p>\n\n\n\n<p class=\"wp-block-paragraph\">\u2013 Con esta marcada ca\u00edda respecto a la figura presidencial (est\u00e1 perdiendo 2.2 puntos mensuales promedio), el respaldo ciudadano hacia L\u00f3pez Obrador se ubic\u00f3 en marzo de este a\u00f1o\u2013 de acuerdo a la &nbsp;casa encuestadora citada-, en un 50 por ciento promedio. Es decir: la mitad de los ciudadanos rechaza la gesti\u00f3n de Gobierno de AMLO.<\/p>\n\n\n\n<p class=\"wp-block-paragraph\">\u2013 La credibilidad de L\u00f3pez Obrador observa tambi\u00e9n una importante ca\u00edda en los \u00faltimos cuatro meses: el 53 por ciento de la poblaci\u00f3n \u201cle cree poco\u201d, y el 31 por ciento \u201cno le cree nada\u201d. Solamente un 13 por ciento \u201cle cree mucho\u201d. Esta medici\u00f3n es demoledora contra el tabasque\u00f1o, ya que la historia nos ha mostrado y demostrado que un Presidente jam\u00e1s recupera su credibilidad ante los ciudadanos, por dos razones fundamentales: primero, por el desgaste natural del ejercicio del poder; y segundo, porque la inercia pol\u00edtica impone topes y para cualquier mandatario es m\u00e1s com\u00fan continuar bajando en su aprobaci\u00f3n, en lugar de recuperarse y subir en las encuestas.<\/p>\n\n\n\n<p class=\"wp-block-paragraph\">\u00bfEs preocupante para L\u00f3pez Obrador y para Morena este innegable descenso en su aprobaci\u00f3n ciudadana? La respuesta es s\u00ed. \u00bfPor qu\u00e9? Por una raz\u00f3n manifiesta: si a AMLO le va mal, a Morena le va mal. Como due\u00f1o de Morena, L\u00f3pez Obrador es su soporte principal. Sin embargo, su ca\u00edda en las preferencias no le ayuda a su partido. Basta saber que a estas alturas de sus respectivos gobiernos, tanto Salinas de Gortari (71 por ciento de aprobaci\u00f3n), Ernesto Zedillo (58 por ciento), Vicente Fox (53 por ciento) y Felipe Calder\u00f3n (66 por ciento), superaban en respaldo ciudadano a AMLO, quien solo est\u00e1 por arriba de Enrique Pe\u00f1a Nieto, quien registraba 40 por ciento de aprobaci\u00f3n. (Fuente: Consulta Mitofsky).<\/p>\n\n\n\n<p class=\"wp-block-paragraph\">La encuesta de GEA-ISA \u2013 completa y detallada-, revela promedios que, sin duda, le restar\u00e1n fuerza a Morena el 6 de junio, y de ah\u00ed la desesperaci\u00f3n de L\u00f3pez Obrador por apoyar a su partido desde Palacio Nacional, por vetar a los gobernadores mediante un Acuerdo Nacional por la Democracia ama\u00f1ado que s\u00f3lo sobrevivi\u00f3 durante unas cu\u00e1ntas horas, y los constantes ataques al INE, erigido hoy en contrapeso v\u00e1lido y leg\u00edtimo frente a AMLO.<\/p>\n\n\n\n<p class=\"wp-block-paragraph\">Sigamos revisando:<\/p>\n\n\n\n<p class=\"wp-block-paragraph\">-La desaprobaci\u00f3n hacia L\u00f3pez Obrador ha ido creciendo: se ubica en 43 por ciento de la poblaci\u00f3n. Seg\u00fan GEA-ISA, en noviembre pasado esta desaprobaci\u00f3n era del 37 por ciento. Adem\u00e1s, s\u00f3lo un 22 por ciento da \u201caprobaci\u00f3n incondicional\u201d a AMLO.<\/p>\n\n\n\n<p class=\"wp-block-paragraph\">\u2013 A la pregunta: \u00bfUsted cree que el pa\u00eds va ahora por un rumbo correcto, o por un rumbo equivocado?, el 51 por ciento de ciudadanos respondi\u00f3 que M\u00e9xico va por un rumbo equivocado, mientras el 35 por ciento contest\u00f3 que va por rumbo correcto.<\/p>\n\n\n\n<p class=\"wp-block-paragraph\">A\u00fan m\u00e1s:<\/p>\n\n\n\n<p class=\"wp-block-paragraph\">El 70 por ciento de las personas encuestadas desaprueba el trabajo de L\u00f3pez Obrador con relaci\u00f3n a la situaci\u00f3n econ\u00f3mica que vive M\u00e9xico, y s\u00f3lo un 29 por ciento lo aprueba.<\/p>\n\n\n\n<p class=\"wp-block-paragraph\">El 45 por ciento considera que la crisis econ\u00f3mica es responsabilidad del Gobierno de AMLO, y dentro de este espectro, el 64 por ciento desaprueba las decisiones del r\u00e9gimen en materia econ\u00f3mica.<\/p>\n\n\n\n<p class=\"wp-block-paragraph\"><strong>*****<\/strong><\/p>\n\n\n\n<p class=\"wp-block-paragraph\">Son las consecuencias de tantas mentiras del Presidente y de la autollamada 4T. Si al principio del sexenio pudieron haberles funcionado, a estas alturas \u2013 28 meses en el poder-, se han desgastado y desinflado.<\/p>\n\n\n\n<p class=\"wp-block-paragraph\">Deber\u00edan saber que el discurso en pol\u00edtica tiene fecha de caducidad, y si no se renueva, se vuelve intrascendente. Basta ver la ma\u00f1anera del lunes pasado, con un Presidente desganado, repitiendo las mismas frases de siempre, citando lugares comunes, hablando de Emilio Lozoya, diciendo que su Gobierno lucha contra la discriminaci\u00f3n y apoya a las mujeres (como seguramente ocurre con esa verg\u00fcenza llamada F\u00e9lix Salgado Macedonio), criticando a EU por su pol\u00edtica migratoria, etc. Intrascendencia pura.<\/p>\n\n\n\n<p class=\"wp-block-paragraph\">Se ha mentido con la econom\u00eda. Con la inseguridad. Con la pandemia. Con los muertos, Con las vacunas. Con las masacres. Con la electricidad. Con el petr\u00f3leo. Con los enemigos del r\u00e9gimen. Con la salud del Presidente. Con la corrupci\u00f3n de la 4T. Con los amigos del Presidente beneficiados con dinero p\u00fablico. Este Gobierno ha sido un carnaval de mentiras desde Palacio Nacional.<\/p>\n\n\n\n<p class=\"wp-block-paragraph\">\u00bfLos resultados? Una evidente e innegable ca\u00edda en la aprobaci\u00f3n ciudadana para el Presidente y su partido.<\/p>\n\n\n\n<p class=\"wp-block-paragraph\">Por eso andan muy preocupados.<\/p>\n\n\n\n<p class=\"wp-block-paragraph\">Por eso atacan al INE.<\/p>\n\n\n\n<p class=\"wp-block-paragraph\">Por el 6 de junio.<\/p>\n\n\n\n<p class=\"wp-block-paragraph\"><strong>Fuente:<\/strong> sinembargo<\/p>\n","protected":false},"excerpt":{"rendered":"<p>En Palacio Nacional andan muy preocupados porque los n\u00fameros en las encuestas no los favorecen como ellos quisieran, de cara a la estrat\u00e9gica elecci\u00f3n intermedia del 6 de junio. Sue\u00f1an con el \u201ccarro completo\u201d, pero las cifras no les cuadran. Y la encuesta de la semana pasada de GEA-ISA los puso mal y de malas. [&hellip;]<\/p>\n","protected":false},"author":2,"featured_media":89530,"comment_status":"open","ping_status":"open","sticky":false,"template":"","format":"standard","meta":{"footnotes":""},"categories":[55],"tags":[],"class_list":["post-89529","post","type-post","status-publish","format-standard","has-post-thumbnail","hentry","category-nacionales"],"_links":{"self":[{"href":"http:\/\/elcuartopoder.com.mx\/nw\/wp-json\/wp\/v2\/posts\/89529","targetHints":{"allow":["GET"]}}],"collection":[{"href":"http:\/\/elcuartopoder.com.mx\/nw\/wp-json\/wp\/v2\/posts"}],"about":[{"href":"http:\/\/elcuartopoder.com.mx\/nw\/wp-json\/wp\/v2\/types\/post"}],"author":[{"embeddable":true,"href":"http:\/\/elcuartopoder.com.mx\/nw\/wp-json\/wp\/v2\/users\/2"}],"replies":[{"embeddable":true,"href":"http:\/\/elcuartopoder.com.mx\/nw\/wp-json\/wp\/v2\/comments?post=89529"}],"version-history":[{"count":1,"href":"http:\/\/elcuartopoder.com.mx\/nw\/wp-json\/wp\/v2\/posts\/89529\/revisions"}],"predecessor-version":[{"id":89531,"href":"http:\/\/elcuartopoder.com.mx\/nw\/wp-json\/wp\/v2\/posts\/89529\/revisions\/89531"}],"wp:featuredmedia":[{"embeddable":true,"href":"http:\/\/elcuartopoder.com.mx\/nw\/wp-json\/wp\/v2\/media\/89530"}],"wp:attachment":[{"href":"http:\/\/elcuartopoder.com.mx\/nw\/wp-json\/wp\/v2\/media?parent=89529"}],"wp:term":[{"taxonomy":"category","embeddable":true,"href":"http:\/\/elcuartopoder.com.mx\/nw\/wp-json\/wp\/v2\/categories?post=89529"},{"taxonomy":"post_tag","embeddable":true,"href":"http:\/\/elcuartopoder.com.mx\/nw\/wp-json\/wp\/v2\/tags?post=89529"}],"curies":[{"name":"wp","href":"https:\/\/api.w.org\/{rel}","templated":true}]}}