{"id":89578,"date":"2021-04-05T12:56:22","date_gmt":"2021-04-05T17:56:22","guid":{"rendered":"http:\/\/elcuartopoder.com.mx\/nw\/?p=89578"},"modified":"2021-04-05T12:56:24","modified_gmt":"2021-04-05T17:56:24","slug":"mueren-seis-presos-y-56-son-hospitalizados-por-desnutricion-en-una-carcel-de-brasil","status":"publish","type":"post","link":"http:\/\/elcuartopoder.com.mx\/nw\/varios\/mueren-seis-presos-y-56-son-hospitalizados-por-desnutricion-en-una-carcel-de-brasil\/","title":{"rendered":"Mueren seis presos y 56 son hospitalizados por desnutrici\u00f3n en una c\u00e1rcel de Brasil"},"content":{"rendered":"\n<p>La falta de alimentaci\u00f3n b\u00e1sica es una realidad en las c\u00e1rceles brasile\u00f1as. Al menos seis presos de la c\u00e1rcel P\u00fablica de Altos, en el Estado de Piau\u00ed, murieron el a\u00f1o pasado debido a un brote de beriberi, enfermedad provocada por un d\u00e9ficit de vitamina B1 y relacionada con una alimentaci\u00f3n inadecuada y pobre en nutrientes. Resumiendo: murieron desnutridos. Esa es la conclusi\u00f3n que se desprende de un informe t\u00e9cnico del Ministerio de Salud obtenido por EL PA\u00cdS.<\/p>\n\n\n\n<p>La Fiscal\u00eda de Piau\u00ed solicit\u00f3 que se verificaran las condiciones de la prisi\u00f3n, gestionada por la Secretar\u00eda de Justicia del Gobierno de Wellington Dias (Partido de los Trabajadores). Seg\u00fan el documento, 199 de los 656 reclusos de la prisi\u00f3n fueron atendidos en los centros de salud con s\u00edntomas, y 56 fueron hospitalizados.<\/p>\n\n\n\n<p>Con la pandemia del coronavirus, la entrega quincenal de alimentos de los familiares a los reclusos se vio interrumpida, lo que \u201cpuede haber agravado el cuadro de hipovitaminosis al que los presos se encontraban expuestos\u201d. De acuerdo con el informe, ese h\u00e1bito \u201crepresentaba una fuente importante de acceso a frutas para los internos en la CPA\u201d.<\/p>\n\n\n\n<p>La investigaci\u00f3n analiz\u00f3 los casos atendidos en los centros de salud, entrevist\u00f3 a internos y evalu\u00f3 el ambiente de la c\u00e1rcel, as\u00ed como sus rutinas, men\u00fas diarios y facturas de compra de comida. Una de las principales conclusiones fue que \u201cla alimentaci\u00f3n de los reclusos presentaba caracter\u00edsticas de monoton\u00eda alimentaria, con presencia predominante de carbohidratos simples, en especial el arroz blanco\u201d.<\/p>\n\n\n\n<p>A los t\u00e9cnicos tambi\u00e9n les llam\u00f3 la atenci\u00f3n el hecho de que, entre la cena y el desayuno, hab\u00eda un intervalo de 15 horas, un periodo muy largo de ayuno. Adem\u00e1s de arroz, el men\u00fa de la comida y de la cena conten\u00eda b\u00e1sicamente pollo o gallina. Para desayunar, galletas y un preparado a base de harina de ma\u00edz, sal y mantequilla. \u201cSe concluye que la hipovitaminosis causada por la monoton\u00eda alimentaria \/ dieta pobre en vitaminas, especialmente la B1, es la etiolog\u00eda probable del surto\u201d, recoge el documento.<\/p>\n\n\n\n<p>Inaugurada a finales de septiembre de 2019 con el objetivo de desahogar el sistema penitenciario de Piau\u00ed, la prisi\u00f3n, situada a cerca de 30 kil\u00f3metros de la capital, Teresina, tiene una capacidad para 603 reclusos y es el penal mejor estructurado del estado. Pero ni aun as\u00ed dej\u00f3 de enfrentar su primera crisis pocos meses despu\u00e9s de abrir. Entre marzo y junio de 2020, m\u00e1s de una centena de presos empez\u00f3 a presentar s\u00edntomas como v\u00f3mitos, dolor abdominal, n\u00e1useas, fiebre, entumecimiento, edemas, debilidad y dolor de cabeza, entre otros. La mayor\u00eda de los casos se produjo entre finales de abril y finales de mayo.<\/p>\n\n\n\n<p>Por aquel entonces ya se hab\u00edan denunciado casos de inundaciones y reflujos de aguas residuales por desag\u00fces, lavabos y letrinas, as\u00ed como la rotura de la bomba del tanque de agua y el reabastecimiento del centro mediante un cami\u00f3n cisterna. Adem\u00e1s, el penal hab\u00eda pasado por una fumigaci\u00f3n. Todo este contexto aliment\u00f3 las hip\u00f3tesis, algunas consideradas por el Ministerio P\u00fablico y la prensa local como verdaderas, de que los presos hab\u00edan tenido leptospirosis, intoxicaci\u00f3n ex\u00f3gena y enfermedades de transmisi\u00f3n h\u00eddrica y alimentaria. Pero el equipo del Ministerio de Sanidad enviado al establecimiento penitenciario del 15 de junio al 7 de julio de 2020 las descart\u00f3 todas.<\/p>\n\n\n\n<p>Las seis muertes registradas generaron indignaci\u00f3n y provocaron las protestas de los familiares en las calles de Teresina. El Ministerio P\u00fablico de Piau\u00ed abri\u00f3 una investigaci\u00f3n para determinar la causa de las enfermedades de los presos y lleg\u00f3 a solicitar el cese del secretario de Justicia, Carlos Edilson Rodrigues Barbosa de Sousa, que permanece en el cargo hasta la fecha.<\/p>\n\n\n\n<p>La crisis fue tal, que el Gobierno estatal decret\u00f3, ya en junio del a\u00f1o pasado, el estado de emergencia durante 90 d\u00edas en la c\u00e1rcel. \u201cNuestra reivindicaci\u00f3n es que las familias sean debidamente indemnizadas, que esa masacre se haga un hueco en el debate p\u00fablico y que las autoridades e instituciones implicadas paguen por ello. Pero, principalmente, que este tipo de tragedias puedan evitarse\u201d, afirm\u00f3 el Frente por la Excarcelaci\u00f3n del Estado de Piau\u00ed, que pide, asimismo, que las condiciones en los presidios de dicho estado sean totalmente transformadas.<\/p>\n\n\n\n<p>EL PA\u00cdS intent\u00f3 ponerse en contacto con la Secretar\u00eda de Justicia de Piau\u00ed, sin obtener respuesta hasta el momento de esta publicaci\u00f3n.<\/p>\n\n\n\n<p>Pedido de investigaci\u00f3n<br>\nLa Fiscal\u00eda de Piau\u00ed lleg\u00f3 a concluir que los internos hab\u00edan sido envenenados a causa de una fumigaci\u00f3n \u201cmal hecha\u201d, pero acab\u00f3 pidiendo el apoyo de la Secretar\u00eda de Vigilancia Sanitaria del Ministerio de Salud para identificar lo que estaba sucediendo. La investigaci\u00f3n estuvo coordinada por el Programa de Formaci\u00f3n en Epidemiolog\u00eda aplicada a los servicios del Sistema P\u00fablico de Salud de Brasil (EpiSUS), pero en el informe no figura la fecha exacta de su publicaci\u00f3n. Este peri\u00f3dico tambi\u00e9n intent\u00f3 ponerse en contacto con el Ministerio de Sanidad, pero no recibi\u00f3 ninguna respuesta.<\/p>\n\n\n\n<p>Seg\u00fan los t\u00e9cnicos de Sanidad, la mitad de los presos que enfermaron est\u00e1n en situaci\u00f3n provisional y tienen un promedio de 24 a\u00f1os. \u201cLa investigaci\u00f3n no se dedic\u00f3 a estimar la magnitud del brote. En cuanto a este aspecto, las cifras presentadas est\u00e1n posiblemente subestimadas\u201d, informa asimismo el informe, se\u00f1alando que \u201cuna parte de los que enfermaron pudo haberlo hecho silenciosamente en las celdas, sin que hubieran recibido atenci\u00f3n del equipo [m\u00e9dico]\u201d. El documento tambi\u00e9n destaca que se identific\u00f3 un cambio en el men\u00fa desde la segunda quincena de mayo, \u201clo que puede haber proporcionado una breve reposici\u00f3n de tiamina [vitamina B1] y favorecido el declive de la curva [de contagios]\u201d.<\/p>\n\n\n\n<p>Algunas de las recomendaciones de los t\u00e9cnicos de la cartera a la Secretar\u00eda de Justicia de Piau\u00ed fueron las de \u201cadministrar tiamina a todos los reclusos\u201d, promover una evaluaci\u00f3n cl\u00ednica continua y, sobre todo, \u201cdiversificar los alimentos en el men\u00fa que se les ofrece a los presos, incluyendo v\u00edsceras, verduras y frutas, alimentos ricos en tiamina y otras vitaminas necesarias para una alimentaci\u00f3n adecuada y saludable\u201d.<\/p>\n\n\n\n<p>El Frente por la Excarcelaci\u00f3n del Estado de Piau\u00ed asegura que son \u201crecurrentes\u201d las denuncias de presos y familiares \u201csobre cuestiones relacionadas con la falta de alimentaci\u00f3n b\u00e1sica, as\u00ed como de torturas y malos tratos\u201d. En este sentido, subraya que \u201cla mayor\u00eda de los internos que enferm\u00f3 no hab\u00eda recibido la comida de sus familias, que les aportaba componentes alimenticios diversos y equilibrados, lo que apunta a que tragedias de este tipo no ocurrieron antes debido a la actuaci\u00f3n de los familiares.\u201d<\/p>\n\n\n\n<p>En un comunicado enviado a EL PA\u00cdS, el Departamento Penitenciario Nacional (Depen), vinculado al Ministerio de Justicia, recuerda que el Consejo Nacional de Pol\u00edtica Penal y Penitenciaria (CNPCP, por sus siglas en portugu\u00e9s) divulg\u00f3 una resoluci\u00f3n en 2017 en la que establec\u00eda par\u00e1metros de nutrici\u00f3n y de prestaci\u00f3n de servicios de alimentaci\u00f3n en el sistema penitenciario, basados en la Gu\u00eda Alimentaria para la Poblaci\u00f3n Brasile\u00f1a, del Ministerio de Sanidad. El Depen tambi\u00e9n garantiza que sigui\u00f3 de cerca las acciones llevadas a cabo por el Ministerio de Salud y que, en mayo de 2020, solicit\u00f3 informaci\u00f3n sobre \u201clas medidas administrativas y correctivas\u201d adoptadas para hacer frente a la situaci\u00f3n en la CPA.<\/p>\n\n\n\n<p>Para el Frente por la Excarcelaci\u00f3n del Estado de Piau\u00ed, no se trata de un caso aislado y refleja una pol\u00edtica de Estado. \u201cNo podemos normalizar las muertes evitables de seis personas y las enfermedades graves que padecieron otras decenas, que tendr\u00e1n secuelas de por vida, como erros de ingenuidad y fruto del azar dentro de una instituci\u00f3n penitenciaria del Estado\u201d, afirma.<\/p>\n\n\n\n<p><strong>Fuente:<\/strong> elpa\u00eds<\/p>\n","protected":false},"excerpt":{"rendered":"<p>La falta de alimentaci\u00f3n b\u00e1sica es una realidad en las c\u00e1rceles brasile\u00f1as. Al menos seis presos de la c\u00e1rcel P\u00fablica de Altos, en el Estado de Piau\u00ed, murieron el a\u00f1o pasado debido a un brote de beriberi, enfermedad provocada por un d\u00e9ficit de vitamina B1 y relacionada con una alimentaci\u00f3n inadecuada y pobre en nutrientes. [&hellip;]<\/p>\n","protected":false},"author":2,"featured_media":89579,"comment_status":"open","ping_status":"open","sticky":false,"template":"","format":"standard","meta":{"footnotes":""},"categories":[64],"tags":[],"class_list":["post-89578","post","type-post","status-publish","format-standard","has-post-thumbnail","hentry","category-varios"],"_links":{"self":[{"href":"http:\/\/elcuartopoder.com.mx\/nw\/wp-json\/wp\/v2\/posts\/89578","targetHints":{"allow":["GET"]}}],"collection":[{"href":"http:\/\/elcuartopoder.com.mx\/nw\/wp-json\/wp\/v2\/posts"}],"about":[{"href":"http:\/\/elcuartopoder.com.mx\/nw\/wp-json\/wp\/v2\/types\/post"}],"author":[{"embeddable":true,"href":"http:\/\/elcuartopoder.com.mx\/nw\/wp-json\/wp\/v2\/users\/2"}],"replies":[{"embeddable":true,"href":"http:\/\/elcuartopoder.com.mx\/nw\/wp-json\/wp\/v2\/comments?post=89578"}],"version-history":[{"count":1,"href":"http:\/\/elcuartopoder.com.mx\/nw\/wp-json\/wp\/v2\/posts\/89578\/revisions"}],"predecessor-version":[{"id":89580,"href":"http:\/\/elcuartopoder.com.mx\/nw\/wp-json\/wp\/v2\/posts\/89578\/revisions\/89580"}],"wp:featuredmedia":[{"embeddable":true,"href":"http:\/\/elcuartopoder.com.mx\/nw\/wp-json\/wp\/v2\/media\/89579"}],"wp:attachment":[{"href":"http:\/\/elcuartopoder.com.mx\/nw\/wp-json\/wp\/v2\/media?parent=89578"}],"wp:term":[{"taxonomy":"category","embeddable":true,"href":"http:\/\/elcuartopoder.com.mx\/nw\/wp-json\/wp\/v2\/categories?post=89578"},{"taxonomy":"post_tag","embeddable":true,"href":"http:\/\/elcuartopoder.com.mx\/nw\/wp-json\/wp\/v2\/tags?post=89578"}],"curies":[{"name":"wp","href":"https:\/\/api.w.org\/{rel}","templated":true}]}}