{"id":89582,"date":"2021-04-05T17:51:05","date_gmt":"2021-04-05T22:51:05","guid":{"rendered":"http:\/\/elcuartopoder.com.mx\/nw\/?p=89582"},"modified":"2021-04-05T17:51:08","modified_gmt":"2021-04-05T22:51:08","slug":"borrell-mediara-ante-ee-uu-para-sacar-a-cuba-de-la-lista-de-paises-que-patrocinan-el-terrorismo","status":"publish","type":"post","link":"http:\/\/elcuartopoder.com.mx\/nw\/internacionales\/borrell-mediara-ante-ee-uu-para-sacar-a-cuba-de-la-lista-de-paises-que-patrocinan-el-terrorismo\/","title":{"rendered":"Borrell mediar\u00e1 ante EE.UU. para sacar a Cuba de la lista de pa\u00edses que patrocinan el terrorismo"},"content":{"rendered":"\n<p>\u00abHoy Josep Borrell ha respondido favorablemente a mi petici\u00f3n, en calidad de presidente del <strong>Intergrupo de Amistad y Solidaridad con el Pueblo de Cuba<\/strong>\u00a0en la Euroc\u00e1mara, para que la UE medie con la Administraci\u00f3n Biden y retire a Cuba de la lista de pa\u00edses que fomentan el terrorismo\u00bb. Con este tuit el presidente de la Delegaci\u00f3n Socialista Espa\u00f1ola en el Parlamento Europeo,<strong>\u00a0Javier Moreno S\u00e1nchez<\/strong>, confirmaba esta semana la intenci\u00f3n del Alto Representante para Asuntos Exteriores y Seguridad de la Uni\u00f3n Europea de mediar ante Washington para sacar a la isla caribe\u00f1a de la lista de pa\u00edses patrocinadores del terrorismo, en la que le incluy\u00f3 el pasado mes de enero el presidente saliente,\u00a0<strong>Donald Trump.<\/strong><\/p>\n\n\n\n<figure class=\"wp-block-embed-twitter wp-block-embed is-type-rich is-provider-twitter\"><div class=\"wp-block-embed__wrapper\">\n<blockquote class=\"twitter-tweet\" data-width=\"550\" data-dnt=\"true\"><p lang=\"es\" dir=\"ltr\">Hoy <a href=\"https:\/\/twitter.com\/JosepBorrellF?ref_src=twsrc%5Etfw\">@JosepBorrellF<\/a> ha respondido favorablemente a mi petici\u00f3n, en calidad de presidente del Intergrupo de Amistad y Solidaridad con el Pueblo de <a href=\"https:\/\/twitter.com\/hashtag\/Cuba?src=hash&amp;ref_src=twsrc%5Etfw\">#Cuba<\/a> en la Euroc\u00e1mara, para que la UE medie con la Admon. Biden y retire a \ud83c\udde8\ud83c\uddfa de la lista de pa\u00edses que fomentan el terrorismo. <a href=\"https:\/\/t.co\/Lg0iwrzQpo\">pic.twitter.com\/Lg0iwrzQpo<\/a><\/p>&mdash; Javier Moreno S\u00e1nchez (@J_MorenoSanchez) <a href=\"https:\/\/twitter.com\/J_MorenoSanchez\/status\/1377278503696076816?ref_src=twsrc%5Etfw\">March 31, 2021<\/a><\/blockquote><script async src=\"https:\/\/platform.twitter.com\/widgets.js\" charset=\"utf-8\"><\/script>\n<\/div><\/figure>\n\n\n\n<p>Dicha confirmaci\u00f3n es la respuesta de Borrell, con fecha 29 de marzo, a una petici\u00f3n enviada el pasado mes de febrero por Moreno S\u00e1nchez para que la UE intercediera ante Washington para revertir la medida del anterior presidente, por la que la isla hab\u00eda vuelto a una lista de la que hab\u00eda sido extra\u00edda en 2015 por la&nbsp;<strong>Administraci\u00f3n Obama<\/strong>&nbsp;en el marco del deshielo de las relaciones entre ambos pa\u00edses.<\/p>\n\n\n\n<p>El reingreso a la lista lo anunci\u00f3, el 11 de enero, nueve d\u00edas antes de concluir el mandato de Trump, el entonces&nbsp;<strong>secretario de Estado de EE.UU., Mike Pompeo.<\/strong>&nbsp;Pompeo justificaba entonces la decisi\u00f3n acusando al r\u00e9gimen cubano de \u00abbrindar reiteradamente apoyo a actos de terrorismo internacional al ofrecer un refugio seguro a terroristas\u00bb. Argument\u00f3, en un comunicado, que el Gobierno cubano hab\u00eda alimentado, albergado y brindado atenci\u00f3n m\u00e9dica \u00aba homicidas, fabricantes de explosivos y secuestradores, mientras muchos cubanos pasan hambre, no tienen vivienda y carecen de medicamentos b\u00e1sicos. Miembros del&nbsp;<strong>Ej\u00e9rcito de Liberaci\u00f3n Nacional (ELN)<\/strong>, designado como Organizaci\u00f3n Terrorista Extranjera por los Estados Unidos, viajaron a La Habana para mantener conversaciones de paz con el Gobierno colombiano en 2017\u00bb, se\u00f1alaba el pasado mes de enero.<\/p>\n\n\n\n<p>Tambi\u00e9n apuntaba que, alegando protocolos de negociaci\u00f3n de paz, Cuba hab\u00eda rechazado las peticiones de Colombia de extraditar a diez l\u00edderes del ELN que viven en La Habana \u00abdespu\u00e9s de que el grupo se atribuyera responsabilidad por el atentado con explosivos perpetrado en enero de 2019 en una escuela de cadetes de polic\u00eda en Bogot\u00e1, en el que murieron 22 personas y m\u00e1s de 87 resultaron heridas\u00bb. A todas estas denuncias, la Admnistraci\u00f3n Trump sumaba que Cuba hab\u00eda dado refugio y se negaba a extraditar a fugitivos requeridos por la Justicia de EE.UU. durante d\u00e9cadas.<\/p>\n\n\n\n<p>Por todo esto, la isla volv\u00eda a ser incluida en la lista de Estados que Patrocinan el Terrorismo \u00abtras incumplir el compromiso de dejar de apoyar el terrorismo que hab\u00eda asumido ante el gobierno anterior\u00bb.<\/p>\n\n\n\n<p>En su carta de respuesta a Moreno S\u00e1nchez, que este colg\u00f3 en su cuenta de Twitter, Borrell vuelve a subrayar el rechazo de la UE, que ya manifest\u00f3 el pasado mes de enero, a la inclusi\u00f3n de Cuba en la lista de pa\u00edses patrocinadores de terrorismo, alegando el papel que la isla jug\u00f3 en las<strong>&nbsp;negociaciones de paz&nbsp;<\/strong>entre el Gobierno de Colombia y el Ej\u00e9rcito de Liberaci\u00f3n Nacional (ELN), motivo por el que alguno de sus guerrilleros se encontraban en la isla, seg\u00fan el Alto Representante. Unas negociaciones que, como subraya Borrell en su carta de respuesta, \u00abcuentan con el total apoyo de la UE\u00bb.<\/p>\n\n\n\n<p>Borrell no es el \u00fanico representante de la UE que ha mostrado su rechazo a la inclusi\u00f3n de Cuba en esta lista y a las sanciones impuestas por EE.UU. Asi lo demostr\u00f3 la iniciativa en la que particip\u00f3 recientemente el embajador de la UE en Cuba,\u00a0<strong>Alberto Navarro<\/strong>. En ella, Navarro apoy\u00f3 una carta, dirigida al\u00a0<strong>presidente Joe Biden,<\/strong>\u00a0en la que cientos de miembros de la sociedad civil cubana ped\u00edan que fueran aliviadas las sanciones contra la isla. La misiva provoc\u00f3 el malestar de numerosos eurodiputados que denunciaron la actuaci\u00f3n de Navarro, por lo que este\u00a0fue convocado por Borrell en Bruselas para dar explicaciones.\u00a0Tras pedir disculpas por este hecho, y por unas declaraciones afirmando que\u00a0Cuba no era una dictadura, Navarro retorn\u00f3 a su cargo en La Habana, donde concluir\u00e1 su mandato el pr\u00f3ximo mes de agosto.<\/p>\n\n\n\n<p>La inclusi\u00f3n de Cuba en la lista de pa\u00edses patrocinadores del terrorismo ha provocado un aluvi\u00f3n de declaraciones y peticiones durante los \u00faltimos meses tanto por parte de aquellos que piden a Biden que revierta la medida (congresistas dem\u00f3cratas, la UE, el expresidente colombiano Juan Manuel Santos) y los que exigen que se mantenga mientras Cuba no d\u00e9 un paso adelante en la defensa de los derechos humanos y abandone la represi\u00f3n contra la disidencia (congresistas republicanos, exiliados, eurodiputados conservadores).<\/p>\n\n\n\n<h3 class=\"wp-block-heading\">Agradecimiento del r\u00e9gimen<\/h3>\n\n\n\n<p>La confirmaci\u00f3n de la UE de su intenci\u00f3n de mediar ante EE.UU. para que Cuba sea retirada de la lista de pa\u00edses patrocinadores del terrorismo ha sido bien acogida por miembros del r\u00e9gimen cubano. As\u00ed lo manifestaba en su cuenta de Twitter\u00a0<strong>Ana Mari Machado<\/strong>, vicepresidenta de la<strong>\u00a0Asamblea Nacional del Poder Popular<\/strong>, quien agradeci\u00f3 la petici\u00f3n formulada por el Intergrupo de Amistad y Solidaridad con Cuba en el Europarlamento y la respuesta favorable para mediar ante el presidente estadounidense.<\/p>\n\n\n\n<p>\u00abCuba no patrocina ni fomenta el terrorismo. Alimentamos la paz, la solidaridad y la colaboraci\u00f3n entre los pueblos\u00bb, escribi\u00f3 la diputada cubana en sus redes sociales tras conocer la informaci\u00f3n de Moreno S\u00e1nchez. <\/p>\n\n\n\n<p><strong>Fuente: <\/strong>ABC<\/p>\n","protected":false},"excerpt":{"rendered":"<p>\u00abHoy Josep Borrell ha respondido favorablemente a mi petici\u00f3n, en calidad de presidente del Intergrupo de Amistad y Solidaridad con el Pueblo de Cuba\u00a0en la Euroc\u00e1mara, para que la UE medie con la Administraci\u00f3n Biden y retire a Cuba de la lista de pa\u00edses que fomentan el terrorismo\u00bb. Con este tuit el presidente de la [&hellip;]<\/p>\n","protected":false},"author":2,"featured_media":89583,"comment_status":"open","ping_status":"open","sticky":false,"template":"","format":"standard","meta":{"footnotes":""},"categories":[8],"tags":[],"class_list":["post-89582","post","type-post","status-publish","format-standard","has-post-thumbnail","hentry","category-internacionales"],"_links":{"self":[{"href":"http:\/\/elcuartopoder.com.mx\/nw\/wp-json\/wp\/v2\/posts\/89582","targetHints":{"allow":["GET"]}}],"collection":[{"href":"http:\/\/elcuartopoder.com.mx\/nw\/wp-json\/wp\/v2\/posts"}],"about":[{"href":"http:\/\/elcuartopoder.com.mx\/nw\/wp-json\/wp\/v2\/types\/post"}],"author":[{"embeddable":true,"href":"http:\/\/elcuartopoder.com.mx\/nw\/wp-json\/wp\/v2\/users\/2"}],"replies":[{"embeddable":true,"href":"http:\/\/elcuartopoder.com.mx\/nw\/wp-json\/wp\/v2\/comments?post=89582"}],"version-history":[{"count":1,"href":"http:\/\/elcuartopoder.com.mx\/nw\/wp-json\/wp\/v2\/posts\/89582\/revisions"}],"predecessor-version":[{"id":89584,"href":"http:\/\/elcuartopoder.com.mx\/nw\/wp-json\/wp\/v2\/posts\/89582\/revisions\/89584"}],"wp:featuredmedia":[{"embeddable":true,"href":"http:\/\/elcuartopoder.com.mx\/nw\/wp-json\/wp\/v2\/media\/89583"}],"wp:attachment":[{"href":"http:\/\/elcuartopoder.com.mx\/nw\/wp-json\/wp\/v2\/media?parent=89582"}],"wp:term":[{"taxonomy":"category","embeddable":true,"href":"http:\/\/elcuartopoder.com.mx\/nw\/wp-json\/wp\/v2\/categories?post=89582"},{"taxonomy":"post_tag","embeddable":true,"href":"http:\/\/elcuartopoder.com.mx\/nw\/wp-json\/wp\/v2\/tags?post=89582"}],"curies":[{"name":"wp","href":"https:\/\/api.w.org\/{rel}","templated":true}]}}