{"id":89585,"date":"2021-04-05T17:58:28","date_gmt":"2021-04-05T22:58:28","guid":{"rendered":"http:\/\/elcuartopoder.com.mx\/nw\/?p=89585"},"modified":"2021-04-05T17:58:30","modified_gmt":"2021-04-05T22:58:30","slug":"criarse-en-espacios-verdes-puede-reducir-el-riesgo-de-desarrollar-tdah","status":"publish","type":"post","link":"http:\/\/elcuartopoder.com.mx\/nw\/destacadas\/criarse-en-espacios-verdes-puede-reducir-el-riesgo-de-desarrollar-tdah\/","title":{"rendered":"Criarse en espacios verdes puede reducir el riesgo de desarrollar TDAH"},"content":{"rendered":"\n<p>Los ni\u00f1os que se cr\u00edan en espacios verdes tienen un menor riesgo de desarrollar trastorno del d\u00e9ficit de atenci\u00f3n e hiperactividad (TDAH), seg\u00fan ha puesto de manifiesto un estudio llevado a cabo por investigadores de la Universidad de Aarhus (Dinamarca) y que ha sido publicado en la revista&nbsp;<strong>\u00abEnvironmental Health Perspectives\u00bb<\/strong>.<\/p>\n\n\n\n<p>\u00abNuestros hallazgos muestran que los ni\u00f1os que han estado expuestos a entornos menos verdes en su \u00e1rea residencial en la primera infancia, hasta los cinco a\u00f1os, tienen un mayor riesgo de recibir un diagn\u00f3stico de TDAH, en comparaci\u00f3n con los ni\u00f1os que han estado rodeados de el nivel m\u00e1s alto de espacios verdes\u00bb, han dicho los expertos.<\/p>\n\n\n\n<p>El\u00a0TDAH puede ser hereditario, pero tambi\u00e9n pueden influir otros factores. Por esta raz\u00f3n, existen s\u00f3lidos argumentos para investigar las causas de que los ni\u00f1os\u00a0desarrollen el diagn\u00f3stico. Una condici\u00f3n que ha sido de inter\u00e9s para la investigaci\u00f3n es el acceso de los ni\u00f1os a los espacios verdes, ya que estudios anteriores han encontrado una asociaci\u00f3n con el bienestar mental y el desarrollo cognitivo de los ni\u00f1os.<\/p>\n\n\n\n<p>Un solo estudio no proporciona una base suficiente para concluir que existe una asociaci\u00f3n entre el acceso a entornos verdes y el riesgo de que los ni\u00f1os desarrollen TDAH, ya que esto requiere m\u00e1s estudios. Pero los resultados de la nueva investigaci\u00f3n son los mismos que proyectos de investigaci\u00f3n similares realizados anteriormente y, adem\u00e1s, los m\u00e9todos de investigaci\u00f3n han tenido en cuenta muchos de los otros factores que tambi\u00e9n pueden influir en el desarrollo del TDAH.<\/p>\n\n\n\n<p>\u00abEn el estudio ajustamos por g\u00e9nero, edad, a\u00f1o de nacimiento del ni\u00f1o, diagn\u00f3stico psiqui\u00e1trico y estatus socioecon\u00f3mico de los padres, y estatus socioecon\u00f3mico a nivel de vecindario. Nuestro estudio es s\u00f3lido porque incluye a muchas personas y porque la informaci\u00f3n es muy detallada\u00bb, han explicado los expertos.<\/p>\n\n\n\n<p>En concreto, se han utilizado datos de m\u00e1s de 800.000 personas nacidas desde 1992 y hasta 2007, as\u00ed como informaci\u00f3n sobre diagn\u00f3sticos cl\u00ednicos de\u00a0<a rel=\"noreferrer noopener\" href=\"https:\/\/www.abc.es\/familia\/padres-hijos\/abci-no-si-padres-dicho-tonto-202012190134_noticia.html\" target=\"_blank\">TDAH<\/a>\u00a0de ni\u00f1os de\u00a0a partir de 5 a\u00f1os. Adem\u00e1s, los investigadores utilizaron una medida espec\u00edfica lo verde que es el medio ambiente alrededor de un hogar, el llamado \u00edndice diferencial de vegetaci\u00f3n normalizado. Esta medida coloca la direcci\u00f3n en el medio de un \u00e1rea cuadr\u00e1tica con 210 metros a cada lado, y sobre esta base calcula qu\u00e9 tan verde es el \u00e1rea circundante.<\/p>\n\n\n\n<p><strong>Fuente:<\/strong> ABC<\/p>\n","protected":false},"excerpt":{"rendered":"<p>Los ni\u00f1os que se cr\u00edan en espacios verdes tienen un menor riesgo de desarrollar trastorno del d\u00e9ficit de atenci\u00f3n e hiperactividad (TDAH), seg\u00fan ha puesto de manifiesto un estudio llevado a cabo por investigadores de la Universidad de Aarhus (Dinamarca) y que ha sido publicado en la revista&nbsp;\u00abEnvironmental Health Perspectives\u00bb. \u00abNuestros hallazgos muestran que los [&hellip;]<\/p>\n","protected":false},"author":2,"featured_media":89586,"comment_status":"open","ping_status":"open","sticky":false,"template":"","format":"standard","meta":{"footnotes":""},"categories":[59],"tags":[],"class_list":["post-89585","post","type-post","status-publish","format-standard","has-post-thumbnail","hentry","category-destacadas"],"_links":{"self":[{"href":"http:\/\/elcuartopoder.com.mx\/nw\/wp-json\/wp\/v2\/posts\/89585","targetHints":{"allow":["GET"]}}],"collection":[{"href":"http:\/\/elcuartopoder.com.mx\/nw\/wp-json\/wp\/v2\/posts"}],"about":[{"href":"http:\/\/elcuartopoder.com.mx\/nw\/wp-json\/wp\/v2\/types\/post"}],"author":[{"embeddable":true,"href":"http:\/\/elcuartopoder.com.mx\/nw\/wp-json\/wp\/v2\/users\/2"}],"replies":[{"embeddable":true,"href":"http:\/\/elcuartopoder.com.mx\/nw\/wp-json\/wp\/v2\/comments?post=89585"}],"version-history":[{"count":1,"href":"http:\/\/elcuartopoder.com.mx\/nw\/wp-json\/wp\/v2\/posts\/89585\/revisions"}],"predecessor-version":[{"id":89587,"href":"http:\/\/elcuartopoder.com.mx\/nw\/wp-json\/wp\/v2\/posts\/89585\/revisions\/89587"}],"wp:featuredmedia":[{"embeddable":true,"href":"http:\/\/elcuartopoder.com.mx\/nw\/wp-json\/wp\/v2\/media\/89586"}],"wp:attachment":[{"href":"http:\/\/elcuartopoder.com.mx\/nw\/wp-json\/wp\/v2\/media?parent=89585"}],"wp:term":[{"taxonomy":"category","embeddable":true,"href":"http:\/\/elcuartopoder.com.mx\/nw\/wp-json\/wp\/v2\/categories?post=89585"},{"taxonomy":"post_tag","embeddable":true,"href":"http:\/\/elcuartopoder.com.mx\/nw\/wp-json\/wp\/v2\/tags?post=89585"}],"curies":[{"name":"wp","href":"https:\/\/api.w.org\/{rel}","templated":true}]}}