{"id":89588,"date":"2021-04-05T18:01:53","date_gmt":"2021-04-05T23:01:53","guid":{"rendered":"http:\/\/elcuartopoder.com.mx\/nw\/?p=89588"},"modified":"2021-04-05T18:01:55","modified_gmt":"2021-04-05T23:01:55","slug":"el-52-de-los-mayores-no-esta-en-el-grupo-familiar-de-whatsapps","status":"publish","type":"post","link":"http:\/\/elcuartopoder.com.mx\/nw\/entretenimiento\/tecnologia\/el-52-de-los-mayores-no-esta-en-el-grupo-familiar-de-whatsapps\/","title":{"rendered":"El 52% de los mayores no est\u00e1 en el grupo familiar de Whatsapps"},"content":{"rendered":"\n<p>La situaci\u00f3n de confinamiento generada por el coronavirus nos est\u00e1 dejando&nbsp;<strong>instant\u00e1neas habituales en redes sociales con hogares hiperconectados.<\/strong>&nbsp;Familias teletrabajando, padres y madres ayudando a sus hijos a realizar las tareas escolares en plataformas online, reuniones familiares para el aperitivo de los domingos a trav\u00e9s de videollamadas, fotos y audios a los m\u00e1s mayores de la familia a trav\u00e9s de las diferentes apps de mensajer\u00eda instant\u00e1nea&#8230;<\/p>\n\n\n\n<p>Sin embargo, en Espa\u00f1a existe una brecha digital que est\u00e1 dejando atr\u00e1s, principalmente, a uno de los colectivos m\u00e1s vulnerables de la pandemia: las personas de la tercera edad. Se trata de una generaci\u00f3n cuyas habilidades para aprovechar las oportunidades que brinda la transformaci\u00f3n digital,&nbsp;<strong>son relativamente m\u00e1s bajas que las de los grupos m\u00e1s j\u00f3venes.&nbsp;<\/strong>Y para quienes el escenario de aislamiento de la pandemia ha supuesto un reto y una evidencia de las diferencias en la comunicaci\u00f3n intergeneracional a trav\u00e9s del m\u00f3vil.<\/p>\n\n\n\n<p>Esta es una de las principales conclusiones que se desprenden del estudio H\u00e1bitos en el uso del m\u00f3vil en las familias (enero 2021), elaborado por Durcal, la nueva app que lidera el cuidado de las personas mayores e intrafamiliar a distancia. Seg\u00fan el informe, el 64% de la poblaci\u00f3n espa\u00f1ola mayor de 70 a\u00f1os echa en falta una herramienta adaptada que facilite la comunicaci\u00f3n con sus familias.<\/p>\n\n\n\n<p>\u00c9sta y otras cifras del estudio ponen de manifiesto las carencias de una parte de la poblaci\u00f3n espa\u00f1ola a la hora de acceder o usar las tecnolog\u00edas digitales impidiendo que estos puedan aprovechar los beneficios que brindan los avances de la digitalizaci\u00f3n.<\/p>\n\n\n\n<h3 class=\"wp-block-heading\">Comunicarse a trav\u00e9s del m\u00f3vil: un reto<\/h3>\n\n\n\n<p>En el estudio, realizado a partir de una muestra de tres grupos de edad (abuelos\/hijos\/nietos) se desprenden los problemas habituales de los m\u00e1s mayores a la hora de usar las principales herramientas de mensajer\u00eda m\u00f3vil (Whatsapp). En concreto, m\u00e1s de la mitad de los mayores no cree que le resulte totalmente f\u00e1cil el uso de Whatsapp (el 18% de los ancianos reconoce dificultades durante el uso de este tipo de aplicaciones, de manera recurrente).<\/p>\n\n\n\n<p>M\u00e1s a\u00fan,&nbsp;<strong>estos problemas se acrecientan a partir de los 80 a\u00f1os<\/strong>. En esta franja de edad, seis de cada diez mayores afirman tener problemas con al menos una de las funciones m\u00e1s habituales (enviar mensajes, im\u00e1genes, notas de voz\u2026).<\/p>\n\n\n\n<p>Si analizamos el informe desde la perspectiva de los m\u00e1s j\u00f3venes de la familia, se reafirma esta dificultad de los mayores.&nbsp;<strong>As\u00ed, el 70% de los nietos creen que sus abuelos tienen problemas&nbsp;<\/strong>para ver las fotograf\u00edas que les env\u00edan a trav\u00e9s de apps de mensajer\u00eda. Esta cifra asciende al 84% si hablamos del seguimiento en RRSS, donde la mitad de los ancianos entrevistados no sigue a sus hijos y nietos. En este sentido, los tres grupos encuestados concluyen que las actuales apps de mensajer\u00eda m\u00f3vil no est\u00e1n adaptadas a las habilidades tecnol\u00f3gicas de los mayores y que, por tanto, no facilitan la comunicaci\u00f3n intrafamiliar.<\/p>\n\n\n\n<p>En este contexto de aislamiento social y familiar, la mitad de los hijos reconoce&nbsp;<strong>sufrir por no poder prestar el mismo grado de atenci\u00f3n a sus mayores<\/strong>, que cuando pod\u00eda visitarlos sin restricciones. Desde la perspectiva de los mayores, el 50% de los ancianos reconocen haber a\u00f1orado a sus nietos durante el confinamiento. Como curiosidad, los abrazos es el elemento com\u00fan que m\u00e1s han a\u00f1orado tanto j\u00f3venes, adultos y ancianos durante estos meses.<\/p>\n\n\n\n<p>El sentimiento de soledad de los mayores durante la Covid-19 queda reforzado con la informaci\u00f3n de que&nbsp;<strong>casi la mitad de los mayores (52%) no est\u00e1 en el grupo familiar de Whatsapp.<\/strong>&nbsp;Una desconexi\u00f3n que llega hasta el 63% a partir de los 85 a\u00f1os. No obstante, s\u00ed se aprecian diferencias entre las diferentes generaciones. Mientras los abuelos con grupo de Whatsapp afirman enviar entre un mensaje al d\u00eda y m\u00e1s de un mensaje a la semana, hijos y nietos ofrecen una fotograf\u00eda diferente: 14 de cada 100 comunican algo a sus familiares cada d\u00eda y solo 40 de cada 100 lo hacen al menos una vez a la semana.<\/p>\n\n\n\n<p>Un dato revelador de la sensaci\u00f3n de aislamiento por parte de los mayores es su necesidad de hablar diariamente:&nbsp;<strong>el 68% de los ancianos reconoce la necesidad de hablar, al menos, una vez al d\u00eda&nbsp;<\/strong>con sus familiares a trav\u00e9s del m\u00f3vil.<\/p>\n\n\n\n<p>En estos momentos de distancia con nuestros familiares m\u00e1s mayores, el env\u00edo y recepci\u00f3n de im\u00e1genes se convierte en un mecanismo de acercamiento. A la pregunta de \u00bfcon qu\u00e9 frecuencia sus nietos le han enviado fotos?,&nbsp;<strong>el 60% de los encuestados manifiesta no haber recibido entre ninguna o casi ninguna foto de sus nietos<\/strong>. Esta realidad, tambi\u00e9n es reconocida por los nietos: casi la mitad de los nietos afirma que pasa m\u00e1s de un mes del env\u00edo entre im\u00e1genes a sus abuelos.<\/p>\n\n\n\n<p>En este caso, s\u00ed se aprecia una diferencia por g\u00e9neros y tambi\u00e9n por zonas geogr\u00e1ficas. Existe una clara tendencia entre las chicas a estar pendientes de sus abuelos. Mientras que s\u00f3lo dos de cada diez chicos llaman, como mucho, una vez al mes; las chicas, al menos en lo que se refiere al env\u00edo de fotos, est\u00e1n m\u00e1s pendientes de sus abuelos: una tercera parte le env\u00edan alguna entre diariamente y varias veces a la semana.<\/p>\n\n\n\n<p><strong>Fuente: <\/strong>ABC<\/p>\n","protected":false},"excerpt":{"rendered":"<p>La situaci\u00f3n de confinamiento generada por el coronavirus nos est\u00e1 dejando&nbsp;instant\u00e1neas habituales en redes sociales con hogares hiperconectados.&nbsp;Familias teletrabajando, padres y madres ayudando a sus hijos a realizar las tareas escolares en plataformas online, reuniones familiares para el aperitivo de los domingos a trav\u00e9s de videollamadas, fotos y audios a los m\u00e1s mayores de la [&hellip;]<\/p>\n","protected":false},"author":2,"featured_media":89589,"comment_status":"open","ping_status":"open","sticky":false,"template":"","format":"standard","meta":{"footnotes":""},"categories":[57],"tags":[],"class_list":["post-89588","post","type-post","status-publish","format-standard","has-post-thumbnail","hentry","category-tecnologia"],"_links":{"self":[{"href":"http:\/\/elcuartopoder.com.mx\/nw\/wp-json\/wp\/v2\/posts\/89588","targetHints":{"allow":["GET"]}}],"collection":[{"href":"http:\/\/elcuartopoder.com.mx\/nw\/wp-json\/wp\/v2\/posts"}],"about":[{"href":"http:\/\/elcuartopoder.com.mx\/nw\/wp-json\/wp\/v2\/types\/post"}],"author":[{"embeddable":true,"href":"http:\/\/elcuartopoder.com.mx\/nw\/wp-json\/wp\/v2\/users\/2"}],"replies":[{"embeddable":true,"href":"http:\/\/elcuartopoder.com.mx\/nw\/wp-json\/wp\/v2\/comments?post=89588"}],"version-history":[{"count":1,"href":"http:\/\/elcuartopoder.com.mx\/nw\/wp-json\/wp\/v2\/posts\/89588\/revisions"}],"predecessor-version":[{"id":89590,"href":"http:\/\/elcuartopoder.com.mx\/nw\/wp-json\/wp\/v2\/posts\/89588\/revisions\/89590"}],"wp:featuredmedia":[{"embeddable":true,"href":"http:\/\/elcuartopoder.com.mx\/nw\/wp-json\/wp\/v2\/media\/89589"}],"wp:attachment":[{"href":"http:\/\/elcuartopoder.com.mx\/nw\/wp-json\/wp\/v2\/media?parent=89588"}],"wp:term":[{"taxonomy":"category","embeddable":true,"href":"http:\/\/elcuartopoder.com.mx\/nw\/wp-json\/wp\/v2\/categories?post=89588"},{"taxonomy":"post_tag","embeddable":true,"href":"http:\/\/elcuartopoder.com.mx\/nw\/wp-json\/wp\/v2\/tags?post=89588"}],"curies":[{"name":"wp","href":"https:\/\/api.w.org\/{rel}","templated":true}]}}