{"id":89597,"date":"2021-04-05T18:18:16","date_gmt":"2021-04-05T23:18:16","guid":{"rendered":"http:\/\/elcuartopoder.com.mx\/nw\/?p=89597"},"modified":"2021-04-05T18:18:17","modified_gmt":"2021-04-05T23:18:17","slug":"el-tabaquismo-materno-duplica-el-riesgo-de-muerte-subita-del-lactante","status":"publish","type":"post","link":"http:\/\/elcuartopoder.com.mx\/nw\/entretenimiento\/salud\/el-tabaquismo-materno-duplica-el-riesgo-de-muerte-subita-del-lactante\/","title":{"rendered":"El tabaquismo materno duplica el riesgo de muerte s\u00fabita del lactante"},"content":{"rendered":"\n<p>La Organizaci\u00f3n Mundial de la Salud (OMS) ha publicado el informe &#8216;Control del tabaco para mejorar la salud y el desarrollo infantil&#8217;, en el que alerta de que fumar durante el embarazo o la exposici\u00f3n al humo del tabaco<strong>\u00a0aumenta el riesgo de muerte fetal y parto prematuro.<\/strong>\u00a0En concreto, seg\u00fan se\u00f1ala el trabajo, el\u00a0tabaquismo\u00a0materno duplica el riesgo de muerte s\u00fabita del lactante, as\u00ed como de defectos de nacimiento, mientras que la exposici\u00f3n al humo de segunda mano durante el\u00a0embarazo\u00a0est\u00e1 relacionada con un\u00a0<strong>23 por ciento m\u00e1s de riesgo de muerte fetal<\/strong>\u00a0y un 13 por ciento m\u00e1s de riesgo de malformaciones cong\u00e9nitas.<\/p>\n\n\n\n<p>De hecho<strong>, el humo de segunda mano mata a alrededor de 1,2 millones de persona<\/strong>s cada a\u00f1o y&nbsp;<strong>65.000 de estas muertes<\/strong>&nbsp;prematuras y evitables son ni\u00f1os y adolescentes menores de 15 a\u00f1os. Asimismo, los ni\u00f1os con cuidadores que fuman tienen casi un 70 por ciento m\u00e1s de probabilidades de intentar fumar a la edad de 15 a\u00f1os.<\/p>\n\n\n\n<p>\u00abLa exposici\u00f3n al humo de tabaco<strong>&nbsp;afecta a la supervivencia, a la salud y al desarrollo de los ni\u00f1os antes y despu\u00e9s&nbsp;<\/strong>del nacimiento. No existe un nivel seguro de exposici\u00f3n al humo del tabaco. Da\u00f1a gravemente la salud de un ni\u00f1o y puede llevarlo a consumir tabaco m\u00e1s adelante, lo que aumentar\u00e1 el riesgo de sufrir da\u00f1os graves a lo largo de su vida\u00bb, ha dicho la jefa de Unidad de Salud y Desarrollo Infantil del Departamento de Salud Materna, Reci\u00e9n Nacida, Infantil y Adolescente de la OMS y Envejecimiento, Bernadette Daelmans.<\/p>\n\n\n\n<p>Y es que, la exposici\u00f3n al humo de tabaco ajeno durante el embarazo es particularmente&nbsp;<strong>relevante para muchos pa\u00edses de ingresos bajos y medianos<\/strong>, donde pocas mujeres fuman pero muchos hombres lo hacen. En este sentido, la OMS ha alertado de que los ni\u00f1os que viven con fumadores tienen un mayor riesgo de bronquiolitis, neumon\u00eda y otras infecciones respiratorias.<\/p>\n\n\n\n<p>Tambi\u00e9n&nbsp;<strong>es m\u00e1s probable que contraigan asma<\/strong>, sean hospitalizados por esta causa y desarrollen una enfermedad del o\u00eddo medio. Del mismo modo, corren un mayor riesgo de morir antes de cumplir los cinco a\u00f1os. Adem\u00e1s, los ni\u00f1os expuestos al humo del tabaco en sus primeros a\u00f1os de vida tambi\u00e9n experimentan con mayor frecuencia problemas de conducta y les va peor en la escuela.<\/p>\n\n\n\n<h3 class=\"wp-block-heading\">En busca de una generaci\u00f3n libre de humo<\/h3>\n\n\n\n<p>\u00abEl tabaco es una cuesti\u00f3n de derechos del ni\u00f1o y el control del tabaco es una de las intervenciones m\u00e1s rentables para la salud infantil\u00bb, han se\u00f1alado los autores del informe, que recuerdan que&nbsp;<strong>62 pa\u00edses de todo el mundo han adoptado pol\u00edticas integrales libres de humo<\/strong>, lo que mejora las posibilidades de que sus hijos tengan un futuro m\u00e1s saludable.<\/p>\n\n\n\n<p>Por este motivo, desde la OMS se insiste en los beneficios de la creaci\u00f3n de pol\u00edticas &#8216;100% libres de humo&#8217;. Adem\u00e1s, ha recordado que las sociedades ahora\u00a0<strong>exigen cada vez m\u00e1s espacios al aire libre libres de humo, como patios de recreo, comedores al aire libre,<\/strong>\u00a0parques y playas, as\u00ed como espacios comunes en edificios y autom\u00f3viles, para proteger a las personas de la exposici\u00f3n al humo de tabaco ajeno, incluidas las mujeres embarazadas y los ni\u00f1os.<\/p>\n\n\n\n<p><strong>Fuente:<\/strong> ABC<\/p>\n","protected":false},"excerpt":{"rendered":"<p>La Organizaci\u00f3n Mundial de la Salud (OMS) ha publicado el informe &#8216;Control del tabaco para mejorar la salud y el desarrollo infantil&#8217;, en el que alerta de que fumar durante el embarazo o la exposici\u00f3n al humo del tabaco\u00a0aumenta el riesgo de muerte fetal y parto prematuro.\u00a0En concreto, seg\u00fan se\u00f1ala el trabajo, el\u00a0tabaquismo\u00a0materno duplica el [&hellip;]<\/p>\n","protected":false},"author":2,"featured_media":89598,"comment_status":"open","ping_status":"open","sticky":false,"template":"","format":"standard","meta":{"footnotes":""},"categories":[56],"tags":[],"class_list":["post-89597","post","type-post","status-publish","format-standard","has-post-thumbnail","hentry","category-salud"],"_links":{"self":[{"href":"http:\/\/elcuartopoder.com.mx\/nw\/wp-json\/wp\/v2\/posts\/89597","targetHints":{"allow":["GET"]}}],"collection":[{"href":"http:\/\/elcuartopoder.com.mx\/nw\/wp-json\/wp\/v2\/posts"}],"about":[{"href":"http:\/\/elcuartopoder.com.mx\/nw\/wp-json\/wp\/v2\/types\/post"}],"author":[{"embeddable":true,"href":"http:\/\/elcuartopoder.com.mx\/nw\/wp-json\/wp\/v2\/users\/2"}],"replies":[{"embeddable":true,"href":"http:\/\/elcuartopoder.com.mx\/nw\/wp-json\/wp\/v2\/comments?post=89597"}],"version-history":[{"count":1,"href":"http:\/\/elcuartopoder.com.mx\/nw\/wp-json\/wp\/v2\/posts\/89597\/revisions"}],"predecessor-version":[{"id":89599,"href":"http:\/\/elcuartopoder.com.mx\/nw\/wp-json\/wp\/v2\/posts\/89597\/revisions\/89599"}],"wp:featuredmedia":[{"embeddable":true,"href":"http:\/\/elcuartopoder.com.mx\/nw\/wp-json\/wp\/v2\/media\/89598"}],"wp:attachment":[{"href":"http:\/\/elcuartopoder.com.mx\/nw\/wp-json\/wp\/v2\/media?parent=89597"}],"wp:term":[{"taxonomy":"category","embeddable":true,"href":"http:\/\/elcuartopoder.com.mx\/nw\/wp-json\/wp\/v2\/categories?post=89597"},{"taxonomy":"post_tag","embeddable":true,"href":"http:\/\/elcuartopoder.com.mx\/nw\/wp-json\/wp\/v2\/tags?post=89597"}],"curies":[{"name":"wp","href":"https:\/\/api.w.org\/{rel}","templated":true}]}}