{"id":89870,"date":"2021-04-15T10:15:00","date_gmt":"2021-04-15T15:15:00","guid":{"rendered":"http:\/\/elcuartopoder.com.mx\/nw\/?p=89870"},"modified":"2021-04-15T10:15:02","modified_gmt":"2021-04-15T15:15:02","slug":"el-maltrato-a-menores-en-mexico-sube-con-la-covid-19-alertan-que-estan-mas-desvalidos-que-nunca","status":"publish","type":"post","link":"http:\/\/elcuartopoder.com.mx\/nw\/nacionales\/el-maltrato-a-menores-en-mexico-sube-con-la-covid-19-alertan-que-estan-mas-desvalidos-que-nunca\/","title":{"rendered":"El maltrato a menores en M\u00e9xico sube con la COVID-19; alertan que est\u00e1n m\u00e1s desvalidos que nunca"},"content":{"rendered":"\n<p>Los&nbsp;<strong>menores maltratados o abandonados<\/strong>&nbsp;por sus familias han quedado en el limbo por la falta de asistencia p\u00fablica de las casas de acogida de M\u00e9xico por las medidas estrictas del confinamiento para evitar los&nbsp;<strong>contagios<\/strong>&nbsp;del&nbsp;<strong>coronavirus<\/strong>.<\/p>\n\n\n\n<p>Una media de 3.6 ni\u00f1os y adolescentes mueren diariamente en M\u00e9xico a causa de la violencia y otros muchos m\u00e1s son rescatados por las autoridades para ser alojados en las casas de acogidas.<\/p>\n\n\n\n<p>Con el confinamiento obligatorio decretado por el Gobierno para combatir la pandemia de la&nbsp;<strong>COVID-19<\/strong>, las casas de acogida han cerrado sus puertas y rechazado acoger a m\u00e1s&nbsp;<strong>menores<\/strong>&nbsp;para evitar los&nbsp;<strong>contagios<\/strong>.<\/p>\n\n\n\n<p>El drama de los ni\u00f1os maltratados o abandonados es mayor a\u00fan en tiempos de pandemia al registrarse adem\u00e1s de un aumento de los casos de violencia familiar.<\/p>\n\n\n\n<p>Mariel Balbuena, directora de la Fundaci\u00f3n DB, explica a&nbsp;<em>EFE<\/em>&nbsp;que contin\u00faan las llamadas para confirmar si \u201crecibimos ni\u00f1os, pero debemos cuidar a los que est\u00e1n dentro, por lo tanto no estamos aceptando menores\u201d.<\/p>\n\n\n\n<figure class=\"wp-block-image\"><img decoding=\"async\" src=\"https:\/\/i0.wp.com\/sinembargo.mx\/wp-content\/uploads\/2020\/06\/a1eff224952a2ab8968d4e0992b525ae174e6b55.jpg\" alt=\"Un menor que permanece es una casa de acogida observa unas computadoras el pasado 13 de mayo, en Ciudad de M\u00e9xico (M\u00e9xico).\" class=\"wp-image-3798081\"\/><\/figure>\n\n\n\n<p>Un menor que permanece es una casa de acogida observa unas computadoras el pasado 13 de mayo, en Ciudad de M\u00e9xico (M\u00e9xico). Foto: S\u00e1shenka Guti\u00e9rrez, EFE<\/p>\n\n\n\n<p>El Ej\u00e9rcito de Salvaci\u00f3n, organizaci\u00f3n que recibe menores, tambi\u00e9n tiene sus puertas cerradas para \u201cresguardar a los chicos\u201d, indic\u00f3 uno de los militares al frente de la instituci\u00f3n.<\/p>\n\n\n\n<p>Centros de acogida de beb\u00e9s como Casa Paz tambi\u00e9n est\u00e1n en una situaci\u00f3n similar. \u201cHan llegado mujeres embarazadas, pero no podemos atenderlas por el confinamiento\u201d, se lamenta la Hermana Mariela.<\/p>\n\n\n\n<p>En M\u00e9xico hay alrededor de 900 casas de acogida en todo el pa\u00eds que trabajan para las autoridades y las fiscal\u00edas estatales.<\/p>\n\n\n\n<p>En 2015, la \u00faltima fecha de registro, se contabilizaron 33 mil 118 menores en las casas de acogida del pa\u00eds.<\/p>\n\n\n\n<p>Por el momento, no hay fecha para volver a recibir ni\u00f1os en sus instalaciones. Todas las casas de acogida esperan instrucciones del Sistema Nacional para el Desarrollo Integral de la Familia (DIF) y los m\u00e1s optimistas hablan de finales de junio.<\/p>\n\n\n\n<p>Fuentes del DIF explicaron que est\u00e1n buscando \u201cdebajo de la tierra un lugar seguro para los ni\u00f1os\u201d.<\/p>\n\n\n\n<p>Algunos centros de la red del DIF que acogen ni\u00f1os, como el caso de Casa Coru\u00f1a, acceden a permitir la entrada de menores una vez que han pasado la prueba del coronavirus.<\/p>\n\n\n\n<figure class=\"wp-block-image\"><img decoding=\"async\" src=\"https:\/\/i0.wp.com\/sinembargo.mx\/wp-content\/uploads\/2020\/06\/8ff099fe4c200089897fc068398c254cbb8be818.jpg\" alt=\"Un grupo de menores que permanecen es una casa de acogida observando computadoras el pasado 13 de mayo, en Ciudad de M\u00e9xico (M\u00e9xico). \" class=\"wp-image-3798084\"\/><\/figure>\n\n\n\n<p>Un grupo de menores que permanecen es una casa de acogida observando computadoras el pasado 13 de mayo, en Ciudad de M\u00e9xico (M\u00e9xico). Foto: S\u00e1shenka Guti\u00e9rrez, EFE<\/p>\n\n\n\n<p><strong>INTEGRACI\u00d3N EN FAMILIAS<\/strong><\/p>\n\n\n\n<p>Teniendo en cuenta las limitaciones impuestas por la pandemia, uno de los principales objetivos se centra en que el 90 por ciento de los menores rescatados se integren en hogares, tanto de familiares como de familias de acogimiento temporal, en detrimento de las casas de acogida, ya que las directrices del Fondo de las Naciones Unidas para la Infancia (Unicef) apuntan en esa direcci\u00f3n.<\/p>\n\n\n\n<p>Cada vez se disminuyen m\u00e1s los tiempos de investigaci\u00f3n para decidir si las familias y los menores son aptos para acoger a los ni\u00f1os.<\/p>\n\n\n\n<blockquote class=\"wp-block-quote is-layout-flow wp-block-quote-is-layout-flow\"><p>\u201cHace un a\u00f1o se tardaba 8 d\u00edas en hacer una declaraci\u00f3n del menor, ahora lo hacemos en 8 horas si es un horario diurno\u201d, explic\u00f3 un funcionario del DIF.<\/p><\/blockquote>\n\n\n\n<p>Matilde Luna, directora de la Red Latinoamericana de Acogimiento Familiar (Relaf), asegura que durante la pandemia se han puesto en marcha una serie de procedimientos m\u00ednimos para agilizar la identificaci\u00f3n de familias que pueden acoger a los ni\u00f1os abandonados.<\/p>\n\n\n\n<p>Se solicita a las familias una declaraci\u00f3n jurada de que no tienen antecedentes penales y gozan de buena salud, se realizan pruebas psicol\u00f3gicas virtuales y un seguimiento al ni\u00f1o una vez entregado es entregado a la familia de acogida temporal.<\/p>\n\n\n\n<p>La directora de Relaf considera que \u201cparad\u00f3jicamente la pandemia est\u00e1 obligando a acelerar los cambios que est\u00e1bamos trabajando\u201d.<\/p>\n\n\n\n<p>La Secretaria de Gobernaci\u00f3n ha admitido que durante el confinamiento la violencia intrafamiliar ha aumentado un 120 por ciento, mientras que llamadas de auxilio al 911 han subido un 40 por ciento.<\/p>\n\n\n\n<p>No obstante, el Presidente de M\u00e9xico, Manuel L\u00f3pez Obrador, ha desmentido esos datos y asegurado que muchas de las llamadas son falsas.<\/p>\n\n\n\n<blockquote class=\"wp-block-quote is-layout-flow wp-block-quote-is-layout-flow\"><p>\u201cNo es nuevo en esta Administraci\u00f3n negar las fuentes, es la estrategia de la pos verdad\u201d, declar\u00f3 a&nbsp;<em>EFE<\/em>&nbsp;Juan Mart\u00edn P\u00e9rez, director ejecutivo de la Red por los Derechos de la Infancia en M\u00e9xico (Redim), que se queja que el actual Gobierno haya recortado el presupuesto para los DIF en un 24 por ciento.<\/p><\/blockquote>\n\n\n\n<p><strong>Fuente:<\/strong> sinembargo<\/p>\n","protected":false},"excerpt":{"rendered":"<p>Los&nbsp;menores maltratados o abandonados&nbsp;por sus familias han quedado en el limbo por la falta de asistencia p\u00fablica de las casas de acogida de M\u00e9xico por las medidas estrictas del confinamiento para evitar los&nbsp;contagios&nbsp;del&nbsp;coronavirus. Una media de 3.6 ni\u00f1os y adolescentes mueren diariamente en M\u00e9xico a causa de la violencia y otros muchos m\u00e1s son rescatados [&hellip;]<\/p>\n","protected":false},"author":2,"featured_media":89871,"comment_status":"open","ping_status":"open","sticky":false,"template":"","format":"standard","meta":{"footnotes":""},"categories":[55],"tags":[],"class_list":["post-89870","post","type-post","status-publish","format-standard","has-post-thumbnail","hentry","category-nacionales"],"_links":{"self":[{"href":"http:\/\/elcuartopoder.com.mx\/nw\/wp-json\/wp\/v2\/posts\/89870","targetHints":{"allow":["GET"]}}],"collection":[{"href":"http:\/\/elcuartopoder.com.mx\/nw\/wp-json\/wp\/v2\/posts"}],"about":[{"href":"http:\/\/elcuartopoder.com.mx\/nw\/wp-json\/wp\/v2\/types\/post"}],"author":[{"embeddable":true,"href":"http:\/\/elcuartopoder.com.mx\/nw\/wp-json\/wp\/v2\/users\/2"}],"replies":[{"embeddable":true,"href":"http:\/\/elcuartopoder.com.mx\/nw\/wp-json\/wp\/v2\/comments?post=89870"}],"version-history":[{"count":1,"href":"http:\/\/elcuartopoder.com.mx\/nw\/wp-json\/wp\/v2\/posts\/89870\/revisions"}],"predecessor-version":[{"id":89872,"href":"http:\/\/elcuartopoder.com.mx\/nw\/wp-json\/wp\/v2\/posts\/89870\/revisions\/89872"}],"wp:featuredmedia":[{"embeddable":true,"href":"http:\/\/elcuartopoder.com.mx\/nw\/wp-json\/wp\/v2\/media\/89871"}],"wp:attachment":[{"href":"http:\/\/elcuartopoder.com.mx\/nw\/wp-json\/wp\/v2\/media?parent=89870"}],"wp:term":[{"taxonomy":"category","embeddable":true,"href":"http:\/\/elcuartopoder.com.mx\/nw\/wp-json\/wp\/v2\/categories?post=89870"},{"taxonomy":"post_tag","embeddable":true,"href":"http:\/\/elcuartopoder.com.mx\/nw\/wp-json\/wp\/v2\/tags?post=89870"}],"curies":[{"name":"wp","href":"https:\/\/api.w.org\/{rel}","templated":true}]}}