{"id":89873,"date":"2021-04-15T10:17:03","date_gmt":"2021-04-15T15:17:03","guid":{"rendered":"http:\/\/elcuartopoder.com.mx\/nw\/?p=89873"},"modified":"2021-04-15T10:17:05","modified_gmt":"2021-04-15T15:17:05","slug":"la-covid-19-podria-exponer-a-otros-10-millones-de-ninos-en-el-mundo-a-la-desnutricion-aguda-onu","status":"publish","type":"post","link":"http:\/\/elcuartopoder.com.mx\/nw\/entretenimiento\/salud\/la-covid-19-podria-exponer-a-otros-10-millones-de-ninos-en-el-mundo-a-la-desnutricion-aguda-onu\/","title":{"rendered":"La COVID-19 podr\u00eda exponer a otros 10 millones de ni\u00f1os en el mundo a la desnutrici\u00f3n aguda: ONU"},"content":{"rendered":"\n<p>Otros 10&nbsp;<strong>millones de ni\u00f1os<\/strong>&nbsp;m\u00e1s en todo el&nbsp;<strong>mundo<\/strong>&nbsp;podr\u00edan enfrentarse este a\u00f1o a&nbsp;<strong>desnutrici\u00f3n aguda<\/strong>&nbsp;como resultado de la&nbsp;<strong>pandemia<\/strong>&nbsp;de la&nbsp;<strong>COVID-19<\/strong>, lo que les dejar\u00eda a un paso de&nbsp;<strong>morir de hambre<\/strong>, seg\u00fan las \u00faltimas estimaciones del&nbsp;<strong>Programa Mundial de Alimentos<\/strong>&nbsp;(PMA).<\/p>\n\n\n\n<p>La agencia de la Organizaci\u00f3n de las Naciones Unidas (<strong>ONU<\/strong>) sostiene que la forma m\u00e1s grave de&nbsp;<strong>desnutrici\u00f3n entre los ni\u00f1os<\/strong>&nbsp;podr\u00eda aumentar en un 20 por ciento como resultado del&nbsp;<strong>coronavirus<\/strong>, debido entre otras cosas al impacto que este est\u00e1 teniendo en las familias m\u00e1s vulnerables, que dependen de trabajos diarios o de las remesas para subsistir.<\/p>\n\n\n\n<p>Adem\u00e1s, los confinamientos y la restricci\u00f3n de movimientos impuestas en numerosos pa\u00edses para frenar la propagaci\u00f3n est\u00e1n teniendo un fuerte impacto en los medios de vida, agravando amenazas ya existentes como los conflictos y los fr\u00e1giles sistemas de salud y provocando en algunos casos una subida de precios que hace que para los m\u00e1s vulnerables sea dif\u00edcil disfrutar de una dieta nutritiva.<\/p>\n\n\n\n<blockquote class=\"wp-block-quote is-layout-flow wp-block-quote-is-layout-flow\"><p>Ante este panorama, la directora de nutrici\u00f3n del PMA, Lauren Landis, ha advertido de que \u201csi no actuamos ahora, nos enfrentaremos a una devastadora p\u00e9rdida de vidas, de salud y de productividad en las generaciones futuras\u201d. \u201cRecibir la nutrici\u00f3n adecuada ahora determinar\u00e1 si las consecuencias de la COVID-19 para los ni\u00f1os se dejar\u00e1n sentir durante meses, a\u00f1os o incluso d\u00e9cadas\u201d, ha subrayado en un comunicado.<\/p><\/blockquote>\n\n\n\n<p>El PMA recuerda que los ni\u00f1os desnutridos, especialmente los menores de 5 a\u00f1os de edad, corren el riesgo de figurar entre las primeras v\u00edctimas de la pandemia y sus efectos socioecon\u00f3micos, puesto que son m\u00e1s vulnerables a las enfermedades y tienen menos capacidad de reaccionar.<\/p>\n\n\n\n<p>La desnutrici\u00f3n aguda es provocada por un consumo inadecuado de alimentos o por enfermedades \u2013entre ellas las diarreas continuadas\u2013, o ambos, lo que provoca en el ni\u00f1o una p\u00e9rdida repentina de peso que, de no ser tratada a tiempo, puede llevar a la muerte, ha recordado la agencia de la ONU.<\/p>\n\n\n\n<blockquote class=\"wp-block-quote is-layout-flow wp-block-quote-is-layout-flow\"><p>En la actualidad, 22 millones de ni\u00f1os menores de 5 a\u00f1os de edad, embarazadas y madres lactantes dependen de la alimentaci\u00f3n especializada y los micronutrientes que les suministra el PMA para evitar y tratar la desnutrici\u00f3n. La agencia de la ONU est\u00e1 dispuesta a incrementar esta asistencia pero para ello necesita \u201curgentemente\u201d 300 millones de d\u00f3lares, ha advertido.<\/p><\/blockquote>\n\n\n\n<p><strong>Fuente:<\/strong> sinembargo<\/p>\n","protected":false},"excerpt":{"rendered":"<p>Otros 10&nbsp;millones de ni\u00f1os&nbsp;m\u00e1s en todo el&nbsp;mundo&nbsp;podr\u00edan enfrentarse este a\u00f1o a&nbsp;desnutrici\u00f3n aguda&nbsp;como resultado de la&nbsp;pandemia&nbsp;de la&nbsp;COVID-19, lo que les dejar\u00eda a un paso de&nbsp;morir de hambre, seg\u00fan las \u00faltimas estimaciones del&nbsp;Programa Mundial de Alimentos&nbsp;(PMA). La agencia de la Organizaci\u00f3n de las Naciones Unidas (ONU) sostiene que la forma m\u00e1s grave de&nbsp;desnutrici\u00f3n entre los ni\u00f1os&nbsp;podr\u00eda aumentar [&hellip;]<\/p>\n","protected":false},"author":2,"featured_media":89874,"comment_status":"open","ping_status":"open","sticky":false,"template":"","format":"standard","meta":{"footnotes":""},"categories":[56],"tags":[],"class_list":["post-89873","post","type-post","status-publish","format-standard","has-post-thumbnail","hentry","category-salud"],"_links":{"self":[{"href":"http:\/\/elcuartopoder.com.mx\/nw\/wp-json\/wp\/v2\/posts\/89873","targetHints":{"allow":["GET"]}}],"collection":[{"href":"http:\/\/elcuartopoder.com.mx\/nw\/wp-json\/wp\/v2\/posts"}],"about":[{"href":"http:\/\/elcuartopoder.com.mx\/nw\/wp-json\/wp\/v2\/types\/post"}],"author":[{"embeddable":true,"href":"http:\/\/elcuartopoder.com.mx\/nw\/wp-json\/wp\/v2\/users\/2"}],"replies":[{"embeddable":true,"href":"http:\/\/elcuartopoder.com.mx\/nw\/wp-json\/wp\/v2\/comments?post=89873"}],"version-history":[{"count":1,"href":"http:\/\/elcuartopoder.com.mx\/nw\/wp-json\/wp\/v2\/posts\/89873\/revisions"}],"predecessor-version":[{"id":89875,"href":"http:\/\/elcuartopoder.com.mx\/nw\/wp-json\/wp\/v2\/posts\/89873\/revisions\/89875"}],"wp:featuredmedia":[{"embeddable":true,"href":"http:\/\/elcuartopoder.com.mx\/nw\/wp-json\/wp\/v2\/media\/89874"}],"wp:attachment":[{"href":"http:\/\/elcuartopoder.com.mx\/nw\/wp-json\/wp\/v2\/media?parent=89873"}],"wp:term":[{"taxonomy":"category","embeddable":true,"href":"http:\/\/elcuartopoder.com.mx\/nw\/wp-json\/wp\/v2\/categories?post=89873"},{"taxonomy":"post_tag","embeddable":true,"href":"http:\/\/elcuartopoder.com.mx\/nw\/wp-json\/wp\/v2\/tags?post=89873"}],"curies":[{"name":"wp","href":"https:\/\/api.w.org\/{rel}","templated":true}]}}