{"id":90144,"date":"2021-04-23T21:13:11","date_gmt":"2021-04-24T02:13:11","guid":{"rendered":"http:\/\/elcuartopoder.com.mx\/nw\/?p=90144"},"modified":"2021-04-23T21:13:13","modified_gmt":"2021-04-24T02:13:13","slug":"tuca-no-renovaria-con-tigres-por-discrepancia-con-gente-de-cemex","status":"publish","type":"post","link":"http:\/\/elcuartopoder.com.mx\/nw\/entretenimiento\/deportes\/tuca-no-renovaria-con-tigres-por-discrepancia-con-gente-de-cemex\/","title":{"rendered":"Tuca no renovar\u00eda con Tigres por discrepancia con gente de Cemex"},"content":{"rendered":"\n<p class=\"wp-block-paragraph\">Muy complicada est\u00e1\u00a0<strong>la situaci\u00f3n en\u00a0Tigres\u00a0que todo se encamina para que Ricardo Ferretti deje el banquillo felino en verano<\/strong>, el problema es la discrepancia con Mauricio Dohener.<\/p>\n\n\n\n<p class=\"wp-block-paragraph\">Una fuente allegada al club detall\u00f3 a&nbsp;<em>AS M\u00e9xico<\/em>&nbsp;que&nbsp;<strong>la relaci\u00f3n entre el t\u00e9cnico con el presidente del Comit\u00e9 de enlace de Cemex y Tigres, est\u00e1 muy rota<\/strong>, siendo el dirigente quien tiene la decisi\u00f3n de la renovaci\u00f3n y no Alejandro Rodr\u00edguez ni Mauricio Culebro directivos felinos.<\/p>\n\n\n\n<p class=\"wp-block-paragraph\">Fue\u00a0<strong>el mismo Ferretti quien tambi\u00e9n dio a conocer que la determinaci\u00f3n sobre su futuro la tiene Dohener<\/strong>, esto el pasado lunes en su conferencia de prensa, mismo que junto a la presidencia auriazul dieron si palabra de hombres que se renovar\u00eda su contrato.<\/p>\n\n\n\n<p class=\"wp-block-paragraph\">\u00abTengo la palabra de honor, de hombre, del compromiso que hicimos hace mucho tiempo, y&nbsp;<strong>por alguna situaci\u00f3n de viaje de la directiva que ha tratado de confrontar con Mauricio Dohener y CEMEX<\/strong>, por la situaci\u00f3n de que son gente muy ocupada y no se ha podido posibilitar el asunto de la firma, pero ya tengo la palabra, en ese sentido no me preocupa, estoy tranquilo, tal vez est\u00e9n ustedes m\u00e1s preocupados o buscando noticias\u00bb, coment\u00f3 Ricardo.<\/p>\n\n\n\n<p class=\"wp-block-paragraph\">Cabe destacar que las palabras de&nbsp;<strong>Mauricio Culebro este mismo jueves en vez de tranquilizar un poco los hechos, los alter\u00f3 ya que afirm\u00f3 que no se ha tomado la decisi\u00f3n final<\/strong>&nbsp;sobre retener o no al brasile\u00f1o, que por lo menos ya percibe un inminente adi\u00f3s al final de temporada.<\/p>\n\n\n\n<p class=\"wp-block-paragraph\"><strong>Quien est\u00e1 solo a la espera de la llamada es Miguel Herrera<\/strong>, se sabe que el apodado &#8216;Piojo&#8217; no dudar\u00e1 en decir que \u00abs\u00ed\u00bb a la propuesta felina.<\/p>\n\n\n\n<p class=\"wp-block-paragraph\"><strong>Fuente:<\/strong> AS<\/p>\n","protected":false},"excerpt":{"rendered":"<p>Muy complicada est\u00e1\u00a0la situaci\u00f3n en\u00a0Tigres\u00a0que todo se encamina para que Ricardo Ferretti deje el banquillo felino en verano, el problema es la discrepancia con Mauricio Dohener. Una fuente allegada al club detall\u00f3 a&nbsp;AS M\u00e9xico&nbsp;que&nbsp;la relaci\u00f3n entre el t\u00e9cnico con el presidente del Comit\u00e9 de enlace de Cemex y Tigres, est\u00e1 muy rota, siendo el dirigente [&hellip;]<\/p>\n","protected":false},"author":2,"featured_media":90145,"comment_status":"open","ping_status":"open","sticky":false,"template":"","format":"standard","meta":{"footnotes":""},"categories":[7],"tags":[],"class_list":["post-90144","post","type-post","status-publish","format-standard","has-post-thumbnail","hentry","category-deportes"],"_links":{"self":[{"href":"http:\/\/elcuartopoder.com.mx\/nw\/wp-json\/wp\/v2\/posts\/90144","targetHints":{"allow":["GET"]}}],"collection":[{"href":"http:\/\/elcuartopoder.com.mx\/nw\/wp-json\/wp\/v2\/posts"}],"about":[{"href":"http:\/\/elcuartopoder.com.mx\/nw\/wp-json\/wp\/v2\/types\/post"}],"author":[{"embeddable":true,"href":"http:\/\/elcuartopoder.com.mx\/nw\/wp-json\/wp\/v2\/users\/2"}],"replies":[{"embeddable":true,"href":"http:\/\/elcuartopoder.com.mx\/nw\/wp-json\/wp\/v2\/comments?post=90144"}],"version-history":[{"count":1,"href":"http:\/\/elcuartopoder.com.mx\/nw\/wp-json\/wp\/v2\/posts\/90144\/revisions"}],"predecessor-version":[{"id":90146,"href":"http:\/\/elcuartopoder.com.mx\/nw\/wp-json\/wp\/v2\/posts\/90144\/revisions\/90146"}],"wp:featuredmedia":[{"embeddable":true,"href":"http:\/\/elcuartopoder.com.mx\/nw\/wp-json\/wp\/v2\/media\/90145"}],"wp:attachment":[{"href":"http:\/\/elcuartopoder.com.mx\/nw\/wp-json\/wp\/v2\/media?parent=90144"}],"wp:term":[{"taxonomy":"category","embeddable":true,"href":"http:\/\/elcuartopoder.com.mx\/nw\/wp-json\/wp\/v2\/categories?post=90144"},{"taxonomy":"post_tag","embeddable":true,"href":"http:\/\/elcuartopoder.com.mx\/nw\/wp-json\/wp\/v2\/tags?post=90144"}],"curies":[{"name":"wp","href":"https:\/\/api.w.org\/{rel}","templated":true}]}}