{"id":90147,"date":"2021-04-23T21:15:45","date_gmt":"2021-04-24T02:15:45","guid":{"rendered":"http:\/\/elcuartopoder.com.mx\/nw\/?p=90147"},"modified":"2021-04-23T21:15:47","modified_gmt":"2021-04-24T02:15:47","slug":"baja-ocupacion-golpea-ganancias-de-fibra-hotel","status":"publish","type":"post","link":"http:\/\/elcuartopoder.com.mx\/nw\/estatales\/baja-ocupacion-golpea-ganancias-de-fibra-hotel\/","title":{"rendered":"Baja ocupaci\u00f3n golpea ganancias de Fibra Hotel"},"content":{"rendered":"\n<p class=\"wp-block-paragraph\">Fibra Hotel registr\u00f3 una&nbsp;<strong>baja ocupaci\u00f3n en sus hoteles, cuatro de ellos en Quintana Roo,&nbsp;<\/strong>durante el primer trimestre del a\u00f1o, lo que provoc\u00f3 que sus ingresos en esos meses cayeran&nbsp;<strong>54.3 por ciento anual<\/strong>, a 267 millones 842 mil pesos.<\/p>\n\n\n\n<p class=\"wp-block-paragraph\">El Fideicomiso de Infraestructura y Bienes Ra\u00edces cuenta con cuatro hoteles en Quintana Roo: el&nbsp;<strong>Fiesta Americana Condesa Canc\u00fan y el hotel Cacao Playa del Carmen.<\/strong><\/p>\n\n\n\n<p class=\"wp-block-paragraph\">Al cierre de&nbsp;dicho periodo, la Fibra ten\u00eda en operaci\u00f3n 25 hoteles en el Pa\u00eds, tanto propios como de terceros, seg\u00fan su reporte financiero publicado en la<strong>&nbsp;Bolsa Mexicana de Valores<\/strong>&nbsp;(BMV).<\/p>\n\n\n\n<p class=\"wp-block-paragraph\">El vicepresidente ejecutivo de la Fibra, Francisco Zinser afirm\u00f3:<\/p>\n\n\n\n<blockquote class=\"wp-block-quote is-layout-flow wp-block-quote-is-layout-flow\"><p>\u00abEn el primer trimestre de 2021, atravesamos unos meses de enero y febrero retadores, a causa de la cancelaci\u00f3n de vuelos procedentes de Canad\u00e1 y la disminuci\u00f3n de viajeros procedentes de Estados Unidos, a ra\u00edz de la aplicaci\u00f3n de Covid-19 exigidas por la ley para los vuelos con destino a Estados Unidos\u201d. &nbsp;<\/p><\/blockquote>\n\n\n\n<p class=\"wp-block-paragraph\">Sin embargo, en marzo pasado,&nbsp;<strong>la ocupaci\u00f3n volvi\u00f3 a niveles de diciembre<\/strong>, por lo que en el consolidado del primer trimestre fue de 35.8 por ciento.<\/p>\n\n\n\n<p class=\"wp-block-paragraph\">Como estrategia ante el entorno actual, la&nbsp;<strong>Fibra consigui\u00f3 reducir gastos discrecionales<\/strong>, operacionales y costos y aplaz\u00f3 todas las inversiones no esenciales, lo que ayud\u00f3 a que redujera su p\u00e9rdida neta en la participaci\u00f3n controladora.<\/p>\n\n\n\n<p class=\"wp-block-paragraph\">Esta pas\u00f3 de 399 millones 125 mil pesos en el primer trimestre de 2020, a 139 millones de pesos en el mismo periodo de este a\u00f1o, una baja de 65.1 por ciento.<\/p>\n\n\n\n<p class=\"wp-block-paragraph\">En contraste, tuvo un flujo operativo (Ebitda) negativo de 5 millones 939 mil pesos en el trimestre, contra un flujo positivo de 146 millones 887 mil pesos del mismo trimestre del a\u00f1o pasado.<\/p>\n\n\n\n<p class=\"wp-block-paragraph\"><strong>Fuente:<\/strong> SIPSE<\/p>\n","protected":false},"excerpt":{"rendered":"<p>Fibra Hotel registr\u00f3 una&nbsp;baja ocupaci\u00f3n en sus hoteles, cuatro de ellos en Quintana Roo,&nbsp;durante el primer trimestre del a\u00f1o, lo que provoc\u00f3 que sus ingresos en esos meses cayeran&nbsp;54.3 por ciento anual, a 267 millones 842 mil pesos. El Fideicomiso de Infraestructura y Bienes Ra\u00edces cuenta con cuatro hoteles en Quintana Roo: el&nbsp;Fiesta Americana Condesa [&hellip;]<\/p>\n","protected":false},"author":2,"featured_media":90148,"comment_status":"open","ping_status":"open","sticky":false,"template":"","format":"standard","meta":{"footnotes":""},"categories":[60],"tags":[],"class_list":["post-90147","post","type-post","status-publish","format-standard","has-post-thumbnail","hentry","category-estatales"],"_links":{"self":[{"href":"http:\/\/elcuartopoder.com.mx\/nw\/wp-json\/wp\/v2\/posts\/90147","targetHints":{"allow":["GET"]}}],"collection":[{"href":"http:\/\/elcuartopoder.com.mx\/nw\/wp-json\/wp\/v2\/posts"}],"about":[{"href":"http:\/\/elcuartopoder.com.mx\/nw\/wp-json\/wp\/v2\/types\/post"}],"author":[{"embeddable":true,"href":"http:\/\/elcuartopoder.com.mx\/nw\/wp-json\/wp\/v2\/users\/2"}],"replies":[{"embeddable":true,"href":"http:\/\/elcuartopoder.com.mx\/nw\/wp-json\/wp\/v2\/comments?post=90147"}],"version-history":[{"count":1,"href":"http:\/\/elcuartopoder.com.mx\/nw\/wp-json\/wp\/v2\/posts\/90147\/revisions"}],"predecessor-version":[{"id":90149,"href":"http:\/\/elcuartopoder.com.mx\/nw\/wp-json\/wp\/v2\/posts\/90147\/revisions\/90149"}],"wp:featuredmedia":[{"embeddable":true,"href":"http:\/\/elcuartopoder.com.mx\/nw\/wp-json\/wp\/v2\/media\/90148"}],"wp:attachment":[{"href":"http:\/\/elcuartopoder.com.mx\/nw\/wp-json\/wp\/v2\/media?parent=90147"}],"wp:term":[{"taxonomy":"category","embeddable":true,"href":"http:\/\/elcuartopoder.com.mx\/nw\/wp-json\/wp\/v2\/categories?post=90147"},{"taxonomy":"post_tag","embeddable":true,"href":"http:\/\/elcuartopoder.com.mx\/nw\/wp-json\/wp\/v2\/tags?post=90147"}],"curies":[{"name":"wp","href":"https:\/\/api.w.org\/{rel}","templated":true}]}}